{"id":2584,"date":"2026-04-07T07:31:04","date_gmt":"2026-04-07T13:31:04","guid":{"rendered":"https:\/\/ddmx.cc\/blog\/archivos\/2584"},"modified":"2026-04-07T07:31:04","modified_gmt":"2026-04-07T13:31:04","slug":"la-reflexion-docente-en-el-cte-puente-hacia-la-mejora-o-carga-administrativa-mas","status":"publish","type":"post","link":"https:\/\/ddmx.cc\/blog\/archivos\/2584","title":{"rendered":"La Reflexi\u00f3n Docente en el CTE: \u00bfPuente hacia la Mejora o Carga Administrativa M\u00e1s?"},"content":{"rendered":"<h2>El Pizarr\u00f3n Cr\u00edtico: An\u00e1lisis de fondo<\/h2>\n<p>La Secretar\u00eda de Educaci\u00f3n P\u00fablica ha emitido las orientaciones para la Sexta Sesi\u00f3n Ordinaria del Consejo T\u00e9cnico Escolar (CTE) del ciclo 2025-2026, un documento que coloca la <strong>\u00abReflexi\u00f3n sobre la pr\u00e1ctica\u00bb<\/strong> como el n\u00facleo de la jornada. Seg\u00fan el insumo proporcionado por la <a href='https:\/\/gestion.cte.sep.gob.mx\/insumos\/docs\/2526_s6_doc_orientaciones_Tema9.pdf'>SEP CTE<\/a>, el objetivo es trascender la ejecuci\u00f3n mec\u00e1nica de programas para convertir el CTE en una verdadera comunidad de aprendizaje donde la autonom\u00eda profesional y los saberes docentes sean el motor del cambio educativo.<\/p>\n<h2>Ejes rectoras de la Sexta Sesi\u00f3n: Entre la equidad y la praxis<\/h2>\n<p>El documento se despliega en cuatro dimensiones fundamentales que buscan profesionalizar la labor docente:<\/p>\n<ul>\n<li><strong>Perspectiva de G\u00e9nero:<\/strong> En el marco del \u00abA\u00f1o de Margarita Maza Parada\u00bb, se insta a las escuelas a erradicar estereotipos sexistas y a entender la violencia como una construcci\u00f3n social, aline\u00e1ndose con una visi\u00f3n de equidad y justicia social.<\/li>\n<li><strong>El CTE como Comunidad de Aprendizaje:<\/strong> Se propone que el conocimiento no venga \u00abdesde arriba\u00bb, sino que emerja del di\u00e1logo entre pares, valorando la experiencia pr\u00e1ctica sobre la teor\u00eda abstracta.<\/li>\n<li><strong>Herramientas de Reflexi\u00f3n:<\/strong> El documento sugiere metodolog\u00edas concretas como la <strong>observaci\u00f3n mutua de clases<\/strong>, la co-ense\u00f1anza, el uso de diarios de clase y el an\u00e1lisis de incidentes cr\u00edticos para gestionar no solo el aprendizaje del alumno, sino tambi\u00e9n la carga emocional del docente.<\/li>\n<li><strong>Gesti\u00f3n del Proceso de Mejora Continua (PMC):<\/strong> Se solicita un an\u00e1lisis riguroso de los datos de aprovechamiento y asistencia de los primeros dos periodos para ajustar el Programa Anal\u00edtico y asegurar que se alcancen los Procesos de Desarrollo de Aprendizaje (PDA) antes del cierre del ciclo.<\/li>\n<\/ul>\n<h2>La Realidad Escolar: El choque entre el ideal y el aula<\/h2>\n<p>Desde la l\u00ednea editorial de <em>El Pizarr\u00f3n Cr\u00edtico<\/em>, nos preguntamos: <strong>\u00bfEn qu\u00e9 medida estas orientaciones son aplicables en la cotidianeidad de la escuela p\u00fablica mexicana?<\/strong><\/p>\n<p>El documento propone la <strong>observaci\u00f3n mutua de clases<\/strong> y la <strong>co-ense\u00f1anza<\/strong> como estrategias de profesionalizaci\u00f3n. Sin embargo, el docente promedio se enfrenta a una realidad donde no existen horas liberadas para que un colega entre al aula sin desatender a otro grupo. \u00bfC\u00f3mo puede un colectivo implementar la observaci\u00f3n mutua sin que esto se convierta en una carga extra de trabajo o en una gesti\u00f3n improvisada que afecte la disciplina y el ritmo de aprendizaje?<\/p>\n<p>Asimismo, el \u00e9nfasis en la <strong>autonom\u00eda profesional<\/strong> y los \u00absaberes docentes\u00bb resulta inspirador, pero choca frecuentemente con la estructura jer\u00e1rquica de las supervisiones escolares. A menudo, el CTE se convierte en un espacio de llenado de formatos y entrega de evidencias administrativas m\u00e1s que en un c\u00edrculo de estudio. \u00bfEs el PMC una herramienta real de mejora pedag\u00f3gica, o se ha transformado en un requisito burocr\u00e1tico para justificar el avance curricular ante las autoridades?<\/p>\n<p>Finalmente, abordar la <strong>perspectiva de g\u00e9nero<\/strong> y la erradicaci\u00f3n de roles sexistas es imperativo, pero requiere m\u00e1s que una gu\u00eda pedag\u00f3gica; requiere un trabajo profundo con familias y comunidades que, en muchos casos, sostienen estructuras profundamente conservadoras. El docente queda entonces en la l\u00ednea de fuego: entre la directriz gubernamental de una \u00abRep\u00fablica de y para las mujeres\u00bb y la resistencia cultural del entorno inmediato de la escuela.<\/p>\n<blockquote><p>\n  La reflexi\u00f3n docente no puede ser un acto de cumplimiento administrativo; debe ser un ejercicio de honestidad intelectual que reconozca que, a veces, la realidad del aula desborda cualquier manual de orientaciones.\n<\/p><\/blockquote>\n<p>Para cerrar este an\u00e1lisis, dejamos al colectivo docente y directivo las siguientes interrogantes para el debate:<\/p>\n<p><strong>1. \u00bfContamos realmente con las condiciones materiales y de tiempo en nuestras escuelas para que la \u00abobservaci\u00f3n entre pares\u00bb sea una herramienta de aprendizaje y no una simulaci\u00f3n?<\/strong><\/p>\n<p><strong>2. \u00bfC\u00f3mo podemos transformar el PMC de un documento de gesti\u00f3n administrativa a una br\u00fajula real que responda a las necesidades emocionales y acad\u00e9micas de nuestros alumnos?<\/strong><\/p>\n","protected":false},"excerpt":{"rendered":"<p>El Pizarr\u00f3n Cr\u00edtico: An\u00e1lisis de fondo La Secretar\u00eda de Educaci\u00f3n P\u00fablica ha emitido las orientaciones para la Sexta Sesi\u00f3n Ordinaria del Consejo T\u00e9cnico Escolar (CTE) del ciclo 2025-2026, un documento que coloca la \u00abReflexi\u00f3n sobre la pr\u00e1ctica\u00bb como el n\u00facleo de la jornada. Seg\u00fan el insumo proporcionado por la SEP CTE, el objetivo es trascender [&hellip;]<\/p>\n","protected":false},"author":2,"featured_media":2571,"comment_status":"","ping_status":"","sticky":false,"template":"","format":"standard","meta":{"inline_featured_image":false,"rop_custom_images_group":[],"rop_custom_messages_group":[],"rop_publish_now":"initial","rop_publish_now_accounts":{"facebook_2925173004293474_260002561269783":""},"rop_publish_now_history":[],"rop_publish_now_status":"pending","site-container-style":"default","site-container-layout":"default","site-sidebar-layout":"default","site-transparent-header":"default","disable-article-header":"default","disable-site-header":"default","disable-site-footer":"default","disable-content-area-spacing":"default","footnotes":"","jetpack_publicize_message":"","jetpack_publicize_feature_enabled":true,"jetpack_social_post_already_shared":true,"jetpack_social_options":{"image_generator_settings":{"template":"highway","default_image_id":0,"font":"","enabled":false},"version":2}},"categories":[18],"tags":[],"class_list":["post-2584","post","type-post","status-publish","format-standard","has-post-thumbnail","hentry","category-consejo-tecnico-escolar"],"_wp_page_template":null,"_wp_attachment_metadata":null,"_wp_attached_file":null,"_wp_attachment_context":null,"_elementor_edit_mode":null,"_elementor_template_type":null,"_wp_attachment_backup_sizes":null,"_wpas_feature_enabled":null,"_wpas_is_tweetstorm":null,"_wpas_mess":null,"_thumbnail_id":"2571","_wpas_done_all":"1","_wp_attachment_image_alt":null,"_oembed_953a61d5df8c3836a556d8d39803bf3c":null,"_oembed_time_953a61d5df8c3836a556d8d39803bf3c":null,"_wpas_skip_28712532":null,"_oembed_4a4bb227a6bbfc1286813ba1a53587ee":null,"_oembed_time_4a4bb227a6bbfc1286813ba1a53587ee":null,"_oembed_b65f030d0e4fe78a9f2aa20ef42c0e18":null,"_oembed_time_b65f030d0e4fe78a9f2aa20ef42c0e18":null,"_oembed_f6a64b4156635a0bc55b4c4bbc364650":null,"_oembed_time_f6a64b4156635a0bc55b4c4bbc364650":null,"_oembed_a22c2ada96445daed271c1dcee845f2b":null,"_menu_item_type":null,"_menu_item_menu_item_parent":null,"_menu_item_object_id":null,"_menu_item_object":null,"_menu_item_target":null,"_menu_item_classes":null,"_menu_item_xfn":null,"_menu_item_url":null,"_menu_item_orphaned":null,"_wp_attachment_custom_header_last_used_cozibee":null,"_wp_attachment_is_custom_header":null,"_wp_attachment_is_custom_background":null,"_oembed_0fce63d053e1c840acdaf9784da4fc8b":null,"_oembed_time_0fce63d053e1c840acdaf9784da4fc8b":null,"_oembed_868a97a741381805139bcba376ff0625":null,"_oembed_time_868a97a741381805139bcba376ff0625":null,"_oembed_e579f188e1e4ab796dbace1957f8fbde":null,"_oembed_time_e579f188e1e4ab796dbace1957f8fbde":null,"_oembed_3aa5ccda408558f57932bf67f990a691":null,"_oembed_time_3aa5ccda408558f57932bf67f990a691":null,"_oembed_c2491fa9a9f5cdc93a304b975729ea15":null,"_oembed_time_c2491fa9a9f5cdc93a304b975729ea15":null,"_oembed_5d0a0fbc199d09fc11425162a9492c14":null,"_oembed_time_5d0a0fbc199d09fc11425162a9492c14":null,"_oembed_ba589a8b01cad13e4e566584052cb77a":null,"_oembed_time_ba589a8b01cad13e4e566584052cb77a":null,"_oembed_30669573d2b5e70ea857547628b634da":null,"_oembed_time_30669573d2b5e70ea857547628b634da":null,"_oembed_c6c454880f54c026403650bfc764daa8":null,"_oembed_time_c6c454880f54c026403650bfc764daa8":null,"_oembed_3d570b3811c404e494d6a02452207e66":null,"_oembed_time_3d570b3811c404e494d6a02452207e66":null,"_oembed_4e4c64d45329ac65f2ecba3f1098156b":null,"_oembed_time_4e4c64d45329ac65f2ecba3f1098156b":null,"_oembed_26ea7d7572a89a903bdcc029628ad5b2":null,"_oembed_time_26ea7d7572a89a903bdcc029628ad5b2":null,"_oembed_a7e95c0362f8dba8c04afb28dfeba5c4":null,"_oembed_time_a7e95c0362f8dba8c04afb28dfeba5c4":null,"_oembed_e5b9ced47b1732d259a5d4aeddd9f86b":null,"_oembed_time_e5b9ced47b1732d259a5d4aeddd9f86b":null,"_oembed_5b4c9d950ab8f0e6ee36bf1d03b97fa2":null,"_oembed_time_5b4c9d950ab8f0e6ee36bf1d03b97fa2":null,"_oembed_b49cdec356d7242bb8a49d9c9f01bc06":null,"_oembed_time_b49cdec356d7242bb8a49d9c9f01bc06":null,"_oembed_304f4ae101daf3ec11ce08903a61e1a1":null,"_oembed_time_304f4ae101daf3ec11ce08903a61e1a1":null,"_oembed_83e577f7d02d35ed039e43ba03038e30":null,"_oembed_time_83e577f7d02d35ed039e43ba03038e30":null,"_oembed_ac101d4e0aa9c1e0993fbaffe57d0fc5":null,"_oembed_time_ac101d4e0aa9c1e0993fbaffe57d0fc5":null,"_oembed_b8411cad4c872303f3f389c0550cfc51":null,"_oembed_time_b8411cad4c872303f3f389c0550cfc51":null,"_oembed_a21a162044b7b51413df6eac11ad958f":null,"_oembed_time_a21a162044b7b51413df6eac11ad958f":null,"_oembed_fba64fc3e6e979fc9c4aa99f0afe7d79":null,"_oembed_time_fba64fc3e6e979fc9c4aa99f0afe7d79":null,"_oembed_76d1c5765b2bc8197eba722fa7cc4244":null,"_oembed_time_76d1c5765b2bc8197eba722fa7cc4244":null,"_oembed_1af62fd759021cc0b68eaa004effd6d5":null,"_oembed_time_1af62fd759021cc0b68eaa004effd6d5":null,"_oembed_2aeeb91d42a24ab084a9cb37fb3b67f1":null,"_oembed_time_2aeeb91d42a24ab084a9cb37fb3b67f1":null,"_oembed_a20b7becc3d5a90f749947d58de23463":null,"_oembed_time_a20b7becc3d5a90f749947d58de23463":null,"_oembed_8796659fa365a11c137d85033d2e7b2c":null,"_jetpack_post_was_ever_published":null,"_jetpack_newsletter_access":null,"_jetpack_newsletter_tier_id":null,"_oembed_5e6fd9549f847190c195ab03255f6ae1":null,"_oembed_554eaf78a040947b2cdd90835d8cd276":null,"_oembed_time_554eaf78a040947b2cdd90835d8cd276":null,"_oembed_7271f435f5fb97d3120864ad34adb6c3":null,"_oembed_time_7271f435f5fb97d3120864ad34adb6c3":null,"_oembed_1fa2fbab810b9b626ad7cc0992ad6aaf":null,"_oembed_time_1fa2fbab810b9b626ad7cc0992ad6aaf":null,"_oembed_64d2135e548c4ce907bc35b61950835b":null,"_oembed_time_64d2135e548c4ce907bc35b61950835b":null,"_oembed_b06e05f997fbefc05e29757e11f828c6":null,"_oembed_time_b06e05f997fbefc05e29757e11f828c6":null,"_oembed_8ce37cc1b7e4dd2fc03872862421313f":null,"_oembed_time_8ce37cc1b7e4dd2fc03872862421313f":null,"_oembed_2158468bd8321669930d1e9681ce2bef":null,"_oembed_time_2158468bd8321669930d1e9681ce2bef":null,"_oembed_ce1b323d791120f5404dbf8cceb57366":null,"_oembed_time_ce1b323d791120f5404dbf8cceb57366":null,"_oembed_21a8242fe71dbeda6363d1536af838e8":null,"_oembed_time_21a8242fe71dbeda6363d1536af838e8":null,"_oembed_eb56dfdacfea2f082dd29cd9084ec889":null,"_wp_old_slug":null,"_oembed_630acfcb06b9afa6ddad824949b84793":null,"_pingme":null,"_encloseme":null,"_oembed_5a7c9eb8a81530ecf9e4e972c23ba731":null,"_oembed_f2fd7c802a7374c43ea88d0097870f1b":null,"_oembed_time_f2fd7c802a7374c43ea88d0097870f1b":null,"_oembed_time_5a7c9eb8a81530ecf9e4e972c23ba731":null,"_oembed_6a91eb9d3d56701e2bf3c9752e96e963":null,"_oembed_c420e9b8b4ecc62da9e432b3ac6a775c":null,"_oembed_725a018f8f3c315b019b5027147af17c":null,"_oembed_fbaa8b858f2c2b8bd17bd9f041381fd0":null,"_oembed_b1333ac22358b86e275b521bfe898d6c":null,"_oembed_81a8344c3ba22ed7e81d42d93e039c83":null,"_oembed_e8b758a02e7baa37faf81b4537e12296":null,"_oembed_f176d255aad93b4de0d42f54076770bd":null,"_oembed_b39b53a24b9c3ddc8f4d0334bdf02260":null,"_oembed_172d3f081ea3bc54cd6f27cf98769eac":null,"_oembed_a121a60eb9062ad69062a9659affb999":null,"_wp_desired_post_slug":null,"_wp_attachment_custom_header_last_used_blogstream":null,"_edit_lock":null,"_last_editor_used_jetpack":null,"_jetpack_related_posts_cache":null,"_edit_last":null,"_wp_trash_meta_status":null,"_wp_trash_meta_time":null,"footnotes":null,"jetpack_publicize_connections":[],"_links":{"self":[{"href":"https:\/\/ddmx.cc\/blog\/wp-json\/wp\/v2\/posts\/2584","targetHints":{"allow":["GET"]}}],"collection":[{"href":"https:\/\/ddmx.cc\/blog\/wp-json\/wp\/v2\/posts"}],"about":[{"href":"https:\/\/ddmx.cc\/blog\/wp-json\/wp\/v2\/types\/post"}],"author":[{"embeddable":true,"href":"https:\/\/ddmx.cc\/blog\/wp-json\/wp\/v2\/users\/2"}],"replies":[{"embeddable":true,"href":"https:\/\/ddmx.cc\/blog\/wp-json\/wp\/v2\/comments?post=2584"}],"version-history":[{"count":0,"href":"https:\/\/ddmx.cc\/blog\/wp-json\/wp\/v2\/posts\/2584\/revisions"}],"wp:featuredmedia":[{"embeddable":true,"href":"https:\/\/ddmx.cc\/blog\/wp-json\/wp\/v2\/media\/2571"}],"wp:attachment":[{"href":"https:\/\/ddmx.cc\/blog\/wp-json\/wp\/v2\/media?parent=2584"}],"wp:term":[{"taxonomy":"category","embeddable":true,"href":"https:\/\/ddmx.cc\/blog\/wp-json\/wp\/v2\/categories?post=2584"},{"taxonomy":"post_tag","embeddable":true,"href":"https:\/\/ddmx.cc\/blog\/wp-json\/wp\/v2\/tags?post=2584"}],"curies":[{"name":"wp","href":"https:\/\/api.w.org\/{rel}","templated":true}]}}