{"id":2590,"date":"2026-04-08T14:04:10","date_gmt":"2026-04-08T20:04:10","guid":{"rendered":"https:\/\/ddmx.cc\/blog\/archivos\/2590"},"modified":"2026-04-08T14:04:10","modified_gmt":"2026-04-08T20:04:10","slug":"interdisciplinariedad-o-laberinto-administrativo-el-reto-de-los-proyectos-en-la-nem","status":"publish","type":"post","link":"https:\/\/ddmx.cc\/blog\/archivos\/2590","title":{"rendered":"\u00bfInterdisciplinariedad o Laberinto Administrativo? El Reto de los Proyectos en la NEM"},"content":{"rendered":"<h2>El Pizarr\u00f3n Cr\u00edtico: An\u00e1lisis de fondo<\/h2>\n<p>La Nueva Escuela Mexicana (NEM) propone un cambio de paradigma que busca romper con la fragmentaci\u00f3n del conocimiento. El n\u00facleo de esta propuesta es el <strong>Esquema de integraci\u00f3n curricular<\/strong>, un modelo dise\u00f1ado para que el aprendizaje no ocurra en silos, sino a trav\u00e9s de la resoluci\u00f3n de problem\u00e1ticas reales. Este enfoque, detallado en los insumos de la <a href='https:\/\/gestion.cte.sep.gob.mx\/insumos\/docs\/2526_s2_t3_orgcompleta_insumo2.pdf'>SEP CTE<\/a> y fundamentado en autores como Starico, plantea que la educaci\u00f3n debe ser un proceso bidireccional entre la escuela y su entorno.<\/p>\n<h2>La arquitectura del proyecto: Del contenido a la problem\u00e1tica<\/h2>\n<p>A diferencia del modelo tradicional basado en asignaturas, el esquema de integraci\u00f3n curricular propone que el eje vertebrador sea una <strong>problem\u00e1tica central<\/strong>. No se parte de un tema del libro de texto, sino de una situaci\u00f3n del contexto que demanda una respuesta. Para resolverla, convergen cuatro campos formativos:<\/p>\n<ul>\n<li><strong>Lenguajes:<\/strong> No solo como gram\u00e1tica, sino como la herramienta de expresi\u00f3n y comunicaci\u00f3n del proyecto.<\/li>\n<li><strong>Saberes y Pensamiento Cient\u00edfico:<\/strong> El aporte del rigor l\u00f3gico y el an\u00e1lisis basado en evidencia.<\/li>\n<li><strong>\u00c9tica, Naturaleza y Sociedades:<\/strong> El marco hist\u00f3rico, social y ambiental que contextualiza el problema.<\/li>\n<li><strong>De lo Humano y lo Comunitario:<\/strong> El enfoque en la identidad y el bienestar colectivo.<\/li>\n<\/ul>\n<p>Este engranaje se materializa en los <strong>Procesos de Desarrollo de Aprendizaje (PDA)<\/strong>, los cuales son atravesados por los Ejes Articuladores para asegurar que el aprendizaje sea \u00e9tico, cr\u00edtico y situado. El modelo aspira a que el alumno sea un agente activo, integrando sus propias inquietudes y los saberes de la comunidad en el dise\u00f1o pedag\u00f3gico.<\/p>\n<h2>La Realidad Escolar: Donde el dise\u00f1o choca con el aula<\/h2>\n<blockquote><p>\u00abEn el papel, la interdisciplinariedad es una utop\u00eda pedag\u00f3gica; en el aula, es un desaf\u00edo log\u00edstico y mental para el docente.\u00bb<\/p><\/blockquote>\n<p>Desde la l\u00ednea editorial de <em>El Pizarr\u00f3n Cr\u00edtico<\/em>, es imperativo preguntarnos: <strong>\u00bfEst\u00e1 el sistema educativo mexicano preparado para la complejidad t\u00e9cnica que exige este esquema?<\/strong> Mientras el documento normativo habla de una \u00abtransici\u00f3n definitiva\u00bb, el maestro frente a grupo enfrenta realidades que la teor\u00eda suele omitir.<\/p>\n<p>Primero, la <strong>carga administrativa<\/strong>. Dise\u00f1ar un proyecto que articule genuinamente cuatro campos formativos y diversos PDA requiere un tiempo de planeaci\u00f3n exhaustivo. En una realidad donde el docente lidia con grupos numerosos y una burocracia asfixiante, existe el riesgo de que la \u00abintegraci\u00f3n curricular\u00bb se convierta en un ejercicio de <strong>maquillaje administrativo<\/strong>: actividades aisladas que se etiquetan como \u00abproyecto\u00bb solo para cumplir con el formato del Consejo T\u00e9cnico Escolar (CTE).<\/p>\n<p>Segundo, la <strong>sensibilidad social vs. la seguridad<\/strong>. El modelo pide integrar la comunidad y sus problem\u00e1ticas. Sin embargo, en contextos de alta vulnerabilidad o violencia, abrir la escuela a las problem\u00e1ticas del entorno puede ser un arma de doble filo si no existen protocolos de seguridad y acompa\u00f1amiento institucional. \u00bfC\u00f3mo se integra la \u00abrealidad del territorio\u00bb cuando esa realidad es hostil?<\/p>\n<p>Finalmente, la <strong>formaci\u00f3n docente<\/strong>. Pasar de ser un transmisor de contenidos a un dise\u00f1ador de experiencias interdisciplinarias requiere una competencia t\u00e9cnica que no se adquiere en una sesi\u00f3n de CTE. El riesgo es que la autonom\u00eda profesional se transforme en incertidumbre, dejando al maestro solo en la tarea de intentar conectar conceptos que, durante d\u00e9cadas, el mismo sistema le ense\u00f1\u00f3 a separar.<\/p>\n<h2>Espacio de debate<\/h2>\n<p>La teor\u00eda es robusta y el objetivo es loable, pero la implementaci\u00f3n es donde reside la verdadera batalla pedag\u00f3gica. Para cerrar este an\u00e1lisis, planteamos lo siguiente a nuestra comunidad de lectores:<\/p>\n<p><strong>1. \u00bfConsideras que el tiempo asignado a la planeaci\u00f3n docente es suficiente para lograr una integraci\u00f3n curricular real, o estamos creando \u00abproyectos de papel\u00bb para satisfacer la normativa?<\/strong><\/p>\n<p><strong>2. \u00bfDe qu\u00e9 manera la integraci\u00f3n de la comunidad en el aula ha enriquecido el aprendizaje en tu escuela, o ha resultado ser una barrera dif\u00edcil de gestionar debido al contexto social?<\/strong><\/p>\n","protected":false},"excerpt":{"rendered":"<p>El Pizarr\u00f3n Cr\u00edtico: An\u00e1lisis de fondo La Nueva Escuela Mexicana (NEM) propone un cambio de paradigma que busca romper con la fragmentaci\u00f3n del conocimiento. El n\u00facleo de esta propuesta es el Esquema de integraci\u00f3n curricular, un modelo dise\u00f1ado para que el aprendizaje no ocurra en silos, sino a trav\u00e9s de la resoluci\u00f3n de problem\u00e1ticas reales. [&hellip;]<\/p>\n","protected":false},"author":2,"featured_media":2571,"comment_status":"","ping_status":"","sticky":false,"template":"","format":"standard","meta":{"inline_featured_image":false,"rop_custom_images_group":[],"rop_custom_messages_group":[],"rop_publish_now":"initial","rop_publish_now_accounts":{"facebook_2925173004293474_260002561269783":""},"rop_publish_now_history":[],"rop_publish_now_status":"pending","site-container-style":"default","site-container-layout":"default","site-sidebar-layout":"default","site-transparent-header":"default","disable-article-header":"default","disable-site-header":"default","disable-site-footer":"default","disable-content-area-spacing":"default","footnotes":"","jetpack_publicize_message":"","jetpack_publicize_feature_enabled":true,"jetpack_social_post_already_shared":true,"jetpack_social_options":{"image_generator_settings":{"template":"highway","default_image_id":0,"font":"","enabled":false},"version":2}},"categories":[18],"tags":[],"class_list":["post-2590","post","type-post","status-publish","format-standard","has-post-thumbnail","hentry","category-consejo-tecnico-escolar"],"_wp_page_template":null,"_wp_attachment_metadata":null,"_wp_attached_file":null,"_wp_attachment_context":null,"_elementor_edit_mode":null,"_elementor_template_type":null,"_wp_attachment_backup_sizes":null,"_wpas_feature_enabled":null,"_wpas_is_tweetstorm":null,"_wpas_mess":null,"_thumbnail_id":"2571","_wpas_done_all":"1","_wp_attachment_image_alt":null,"_oembed_953a61d5df8c3836a556d8d39803bf3c":null,"_oembed_time_953a61d5df8c3836a556d8d39803bf3c":null,"_wpas_skip_28712532":null,"_oembed_4a4bb227a6bbfc1286813ba1a53587ee":null,"_oembed_time_4a4bb227a6bbfc1286813ba1a53587ee":null,"_oembed_b65f030d0e4fe78a9f2aa20ef42c0e18":null,"_oembed_time_b65f030d0e4fe78a9f2aa20ef42c0e18":null,"_oembed_f6a64b4156635a0bc55b4c4bbc364650":null,"_oembed_time_f6a64b4156635a0bc55b4c4bbc364650":null,"_oembed_a22c2ada96445daed271c1dcee845f2b":null,"_menu_item_type":null,"_menu_item_menu_item_parent":null,"_menu_item_object_id":null,"_menu_item_object":null,"_menu_item_target":null,"_menu_item_classes":null,"_menu_item_xfn":null,"_menu_item_url":null,"_menu_item_orphaned":null,"_wp_attachment_custom_header_last_used_cozibee":null,"_wp_attachment_is_custom_header":null,"_wp_attachment_is_custom_background":null,"_oembed_0fce63d053e1c840acdaf9784da4fc8b":null,"_oembed_time_0fce63d053e1c840acdaf9784da4fc8b":null,"_oembed_868a97a741381805139bcba376ff0625":null,"_oembed_time_868a97a741381805139bcba376ff0625":null,"_oembed_e579f188e1e4ab796dbace1957f8fbde":null,"_oembed_time_e579f188e1e4ab796dbace1957f8fbde":null,"_oembed_3aa5ccda408558f57932bf67f990a691":null,"_oembed_time_3aa5ccda408558f57932bf67f990a691":null,"_oembed_c2491fa9a9f5cdc93a304b975729ea15":null,"_oembed_time_c2491fa9a9f5cdc93a304b975729ea15":null,"_oembed_5d0a0fbc199d09fc11425162a9492c14":null,"_oembed_time_5d0a0fbc199d09fc11425162a9492c14":null,"_oembed_ba589a8b01cad13e4e566584052cb77a":null,"_oembed_time_ba589a8b01cad13e4e566584052cb77a":null,"_oembed_30669573d2b5e70ea857547628b634da":null,"_oembed_time_30669573d2b5e70ea857547628b634da":null,"_oembed_c6c454880f54c026403650bfc764daa8":null,"_oembed_time_c6c454880f54c026403650bfc764daa8":null,"_oembed_3d570b3811c404e494d6a02452207e66":null,"_oembed_time_3d570b3811c404e494d6a02452207e66":null,"_oembed_4e4c64d45329ac65f2ecba3f1098156b":null,"_oembed_time_4e4c64d45329ac65f2ecba3f1098156b":null,"_oembed_26ea7d7572a89a903bdcc029628ad5b2":null,"_oembed_time_26ea7d7572a89a903bdcc029628ad5b2":null,"_oembed_a7e95c0362f8dba8c04afb28dfeba5c4":null,"_oembed_time_a7e95c0362f8dba8c04afb28dfeba5c4":null,"_oembed_e5b9ced47b1732d259a5d4aeddd9f86b":null,"_oembed_time_e5b9ced47b1732d259a5d4aeddd9f86b":null,"_oembed_5b4c9d950ab8f0e6ee36bf1d03b97fa2":null,"_oembed_time_5b4c9d950ab8f0e6ee36bf1d03b97fa2":null,"_oembed_b49cdec356d7242bb8a49d9c9f01bc06":null,"_oembed_time_b49cdec356d7242bb8a49d9c9f01bc06":null,"_oembed_304f4ae101daf3ec11ce08903a61e1a1":null,"_oembed_time_304f4ae101daf3ec11ce08903a61e1a1":null,"_oembed_83e577f7d02d35ed039e43ba03038e30":null,"_oembed_time_83e577f7d02d35ed039e43ba03038e30":null,"_oembed_ac101d4e0aa9c1e0993fbaffe57d0fc5":null,"_oembed_time_ac101d4e0aa9c1e0993fbaffe57d0fc5":null,"_oembed_b8411cad4c872303f3f389c0550cfc51":null,"_oembed_time_b8411cad4c872303f3f389c0550cfc51":null,"_oembed_a21a162044b7b51413df6eac11ad958f":null,"_oembed_time_a21a162044b7b51413df6eac11ad958f":null,"_oembed_fba64fc3e6e979fc9c4aa99f0afe7d79":null,"_oembed_time_fba64fc3e6e979fc9c4aa99f0afe7d79":null,"_oembed_76d1c5765b2bc8197eba722fa7cc4244":null,"_oembed_time_76d1c5765b2bc8197eba722fa7cc4244":null,"_oembed_1af62fd759021cc0b68eaa004effd6d5":null,"_oembed_time_1af62fd759021cc0b68eaa004effd6d5":null,"_oembed_2aeeb91d42a24ab084a9cb37fb3b67f1":null,"_oembed_time_2aeeb91d42a24ab084a9cb37fb3b67f1":null,"_oembed_a20b7becc3d5a90f749947d58de23463":null,"_oembed_time_a20b7becc3d5a90f749947d58de23463":null,"_oembed_8796659fa365a11c137d85033d2e7b2c":null,"_jetpack_post_was_ever_published":null,"_jetpack_newsletter_access":null,"_jetpack_newsletter_tier_id":null,"_oembed_5e6fd9549f847190c195ab03255f6ae1":null,"_oembed_554eaf78a040947b2cdd90835d8cd276":null,"_oembed_time_554eaf78a040947b2cdd90835d8cd276":null,"_oembed_7271f435f5fb97d3120864ad34adb6c3":null,"_oembed_time_7271f435f5fb97d3120864ad34adb6c3":null,"_oembed_1fa2fbab810b9b626ad7cc0992ad6aaf":null,"_oembed_time_1fa2fbab810b9b626ad7cc0992ad6aaf":null,"_oembed_64d2135e548c4ce907bc35b61950835b":null,"_oembed_time_64d2135e548c4ce907bc35b61950835b":null,"_oembed_b06e05f997fbefc05e29757e11f828c6":null,"_oembed_time_b06e05f997fbefc05e29757e11f828c6":null,"_oembed_8ce37cc1b7e4dd2fc03872862421313f":null,"_oembed_time_8ce37cc1b7e4dd2fc03872862421313f":null,"_oembed_2158468bd8321669930d1e9681ce2bef":null,"_oembed_time_2158468bd8321669930d1e9681ce2bef":null,"_oembed_ce1b323d791120f5404dbf8cceb57366":null,"_oembed_time_ce1b323d791120f5404dbf8cceb57366":null,"_oembed_21a8242fe71dbeda6363d1536af838e8":null,"_oembed_time_21a8242fe71dbeda6363d1536af838e8":null,"_oembed_eb56dfdacfea2f082dd29cd9084ec889":null,"_wp_old_slug":null,"_oembed_630acfcb06b9afa6ddad824949b84793":null,"_pingme":null,"_encloseme":null,"_oembed_5a7c9eb8a81530ecf9e4e972c23ba731":null,"_oembed_f2fd7c802a7374c43ea88d0097870f1b":null,"_oembed_time_f2fd7c802a7374c43ea88d0097870f1b":null,"_oembed_time_5a7c9eb8a81530ecf9e4e972c23ba731":null,"_oembed_6a91eb9d3d56701e2bf3c9752e96e963":null,"_oembed_c420e9b8b4ecc62da9e432b3ac6a775c":null,"_oembed_725a018f8f3c315b019b5027147af17c":null,"_oembed_fbaa8b858f2c2b8bd17bd9f041381fd0":null,"_oembed_b1333ac22358b86e275b521bfe898d6c":null,"_oembed_81a8344c3ba22ed7e81d42d93e039c83":null,"_oembed_e8b758a02e7baa37faf81b4537e12296":null,"_oembed_f176d255aad93b4de0d42f54076770bd":null,"_oembed_b39b53a24b9c3ddc8f4d0334bdf02260":null,"_oembed_172d3f081ea3bc54cd6f27cf98769eac":null,"_oembed_a121a60eb9062ad69062a9659affb999":null,"_wp_desired_post_slug":null,"_wp_attachment_custom_header_last_used_blogstream":null,"_edit_lock":null,"_last_editor_used_jetpack":null,"_jetpack_related_posts_cache":null,"_edit_last":null,"_wp_trash_meta_status":null,"_wp_trash_meta_time":null,"footnotes":null,"jetpack_publicize_connections":[],"_links":{"self":[{"href":"https:\/\/ddmx.cc\/blog\/wp-json\/wp\/v2\/posts\/2590","targetHints":{"allow":["GET"]}}],"collection":[{"href":"https:\/\/ddmx.cc\/blog\/wp-json\/wp\/v2\/posts"}],"about":[{"href":"https:\/\/ddmx.cc\/blog\/wp-json\/wp\/v2\/types\/post"}],"author":[{"embeddable":true,"href":"https:\/\/ddmx.cc\/blog\/wp-json\/wp\/v2\/users\/2"}],"replies":[{"embeddable":true,"href":"https:\/\/ddmx.cc\/blog\/wp-json\/wp\/v2\/comments?post=2590"}],"version-history":[{"count":0,"href":"https:\/\/ddmx.cc\/blog\/wp-json\/wp\/v2\/posts\/2590\/revisions"}],"wp:featuredmedia":[{"embeddable":true,"href":"https:\/\/ddmx.cc\/blog\/wp-json\/wp\/v2\/media\/2571"}],"wp:attachment":[{"href":"https:\/\/ddmx.cc\/blog\/wp-json\/wp\/v2\/media?parent=2590"}],"wp:term":[{"taxonomy":"category","embeddable":true,"href":"https:\/\/ddmx.cc\/blog\/wp-json\/wp\/v2\/categories?post=2590"},{"taxonomy":"post_tag","embeddable":true,"href":"https:\/\/ddmx.cc\/blog\/wp-json\/wp\/v2\/tags?post=2590"}],"curies":[{"name":"wp","href":"https:\/\/api.w.org\/{rel}","templated":true}]}}