{"id":2597,"date":"2026-04-11T07:30:08","date_gmt":"2026-04-11T13:30:08","guid":{"rendered":"https:\/\/ddmx.cc\/blog\/archivos\/2597"},"modified":"2026-04-11T07:30:08","modified_gmt":"2026-04-11T13:30:08","slug":"de-la-lista-de-cotejo-al-relato-es-viable-la-nueva-evaluacion-de-educacion-inicial-en-mexico","status":"publish","type":"post","link":"https:\/\/ddmx.cc\/blog\/archivos\/2597","title":{"rendered":"De la lista de cotejo al relato: \u00bfEs viable la nueva evaluaci\u00f3n de Educaci\u00f3n Inicial en M\u00e9xico?"},"content":{"rendered":"<h2>El Pizarr\u00f3n Cr\u00edtico: An\u00e1lisis de fondo<\/h2>\n<p>La Secretar\u00eda de Educaci\u00f3n P\u00fablica ha presentado recientemente los lineamientos t\u00e9cnicos y pedag\u00f3gicos para un nuevo modelo de evaluaci\u00f3n en la Educaci\u00f3n Inicial (0 a 3 a\u00f1os), el cual se fundamenta en la <strong>Evaluaci\u00f3n Formativa<\/strong>. Seg\u00fan el documento emitido por la <a href='https:\/\/gestion.cte.sep.gob.mx\/insumos\/docs\/2526_s6_t5_orgcompleta_insumo1.pdf'>SEP CTE<\/a>, el objetivo es romper con la tradici\u00f3n de medir \u00ablogros\u00bb estandarizados para transitar hacia una evaluaci\u00f3n procesual, integral y profundamente humana, donde el centro no sea el resultado, sino la trayectoria de desarrollo del infante y el entorno que lo sostiene.<\/p>\n<h2>Un cambio de paradigma: La evaluaci\u00f3n como proceso, no como meta<\/h2>\n<p>El modelo propuesto no busca determinar qu\u00e9 sabe hacer el ni\u00f1o, sino <strong>c\u00f3mo se desarrolla<\/strong>. Para lograrlo, se despliega una estructura de cinco dimensiones que expanden la mirada del evaluador:<\/p>\n<ul>\n<li><strong>Desarrollo Integral (Dimensi\u00f3n A):<\/strong> Un seguimiento de los procesos psicomotrices, el lenguaje y la seguridad afectiva, divididos en franjas de 0-18 meses y 18 meses-3 a\u00f1os.<\/li>\n<li><strong>V\u00ednculo con la Familia (Dimensi\u00f3n B):<\/strong> El an\u00e1lisis de c\u00f3mo el servicio educativo fortalece las capacidades de crianza y la participaci\u00f3n comunitaria.<\/li>\n<li><strong>Desempe\u00f1o del Agente Educativo (Dimensi\u00f3n C):<\/strong> Un enfoque en la autoevaluaci\u00f3n, la disponibilidad corporal y la capacidad de observaci\u00f3n sensible.<\/li>\n<li><strong>Gesti\u00f3n Escolar (Dimensi\u00f3n D):<\/strong> La creaci\u00f3n de una \u00abcultura de la infancia\u00bb que priorice la estabilidad del personal para garantizar la continuidad afectiva.<\/li>\n<li><strong>Influencia Social (Dimensi\u00f3n E):<\/strong> La medici\u00f3n del impacto del servicio en la percepci\u00f3n p\u00fablica sobre la primera infancia.<\/li>\n<\/ul>\n<p>Metodol\u00f3gicamente, el modelo es disruptivo: <strong>proh\u00edbe las listas de cotejo<\/strong> (por considerarlas homogenizadoras) y apuesta por el <strong>registro narrativo<\/strong>. La validaci\u00f3n no se basa en una calificaci\u00f3n, sino en una escala cualitativa de frecuencia (<em>Siempre, Casi siempre, Pocas veces<\/em>), transformando la evaluaci\u00f3n en una ruta de mejora y no en una herramienta de sanci\u00f3n.<\/p>\n<h2>La Realidad Escolar: El choque entre el relato y el aula<\/h2>\n<p>Desde la l\u00ednea editorial de <em>El Pizarr\u00f3n Cr\u00edtico<\/em>, nos preguntamos: <strong>\u00bfEn qu\u00e9 medida este modelo es aplicable en el contexto real de los centros de educaci\u00f3n inicial en M\u00e9xico?<\/strong><\/p>\n<p>El documento habla de una \u00abfunci\u00f3n maternante\u00bb y de una \u00abobservaci\u00f3n sensible\u00bb. Sin embargo, el maestro y la asistente educativa en M\u00e9xico a menudo se enfrentan a ratios de ni\u00f1os por adulto que superan lo ideal. <strong>\u00bfEs humanamente posible realizar un registro narrativo profundo y detallado de cada ni\u00f1o cuando el tiempo es absorbido por las necesidades b\u00e1sicas de cuidado, higiene y contenci\u00f3n emocional de un grupo numeroso?<\/strong><\/p>\n<blockquote><p>\n    La transici\u00f3n de la \u00ablista de cotejo\u00bb al \u00abrelato descriptivo\u00bb implica un salto cualitativo en la formaci\u00f3n docente, pero tambi\u00e9n un incremento exponencial en la carga administrativa.\n<\/p><\/blockquote>\n<p>El registro narrativo es, por definici\u00f3n, lento y reflexivo. Al eliminar la herramienta r\u00e1pida (la casilla de verificaci\u00f3n), el sistema le exige al agente educativo una capacidad de redacci\u00f3n y an\u00e1lisis que debe ocurrir en los m\u00e1rgenes de una jornada ya saturada. Existe el riesgo de que la \u00abplaneaci\u00f3n narrativa\u00bb se convierta en una carga burocr\u00e1tica m\u00e1s, donde el docente escriba lo que se espera leer, en lugar de lo que realmente observa.<\/p>\n<p>Asimismo, la Dimensi\u00f3n D menciona la importancia de evitar la rotaci\u00f3n de personal para mantener la continuidad afectiva. No obstante, la realidad laboral de muchos agentes educativos en el sector inicial est\u00e1 marcada por la temporalidad y la precariedad. <strong>\u00bfC\u00f3mo puede el directivo garantizar la estabilidad afectiva si el sistema de contrataci\u00f3n no garantiza la estabilidad laboral?<\/strong><\/p>\n<p>Finalmente, el modelo conf\u00eda en la participaci\u00f3n activa de las familias. En contextos de alta vulnerabilidad, donde los padres enfrentan jornadas laborales extenuantes o situaciones de crisis, la \u00abcrianza compartida\u00bb puede chocar con una realidad socioecon\u00f3mica que deja al agente educativo como el \u00fanico sost\u00e9n, transformando la evaluaci\u00f3n de la familia en un registro de ausencias m\u00e1s que de capacidades.<\/p>\n<h2>Para el debate<\/h2>\n<p>Este modelo es pedag\u00f3gicamente brillante y justo en el papel, pero su \u00e9xito depende de que la pol\u00edtica p\u00fablica no solo cambie la forma de evaluar, sino las condiciones en que se educa.<\/p>\n<p><strong>Queremos leerte en los comentarios:<\/strong><\/p>\n<ol>\n<li>\u00bfConsideras que el registro narrativo es una herramienta de justicia social para el ni\u00f1o o una carga administrativa insostenible para el docente?<\/li>\n<li>\u00bfEs posible implementar una \u00abcultura de la infancia\u00bb basada en la estabilidad afectiva sin antes resolver la precariedad laboral de los agentes educativos?<\/li>\n<\/ol>\n","protected":false},"excerpt":{"rendered":"<p>El Pizarr\u00f3n Cr\u00edtico: An\u00e1lisis de fondo La Secretar\u00eda de Educaci\u00f3n P\u00fablica ha presentado recientemente los lineamientos t\u00e9cnicos y pedag\u00f3gicos para un nuevo modelo de evaluaci\u00f3n en la Educaci\u00f3n Inicial (0 a 3 a\u00f1os), el cual se fundamenta en la Evaluaci\u00f3n Formativa. Seg\u00fan el documento emitido por la SEP CTE, el objetivo es romper con la [&hellip;]<\/p>\n","protected":false},"author":2,"featured_media":2571,"comment_status":"","ping_status":"","sticky":false,"template":"","format":"standard","meta":{"inline_featured_image":false,"rop_custom_images_group":[],"rop_custom_messages_group":[],"rop_publish_now":"initial","rop_publish_now_accounts":{"facebook_2925173004293474_260002561269783":""},"rop_publish_now_history":[],"rop_publish_now_status":"pending","site-container-style":"default","site-container-layout":"default","site-sidebar-layout":"default","site-transparent-header":"default","disable-article-header":"default","disable-site-header":"default","disable-site-footer":"default","disable-content-area-spacing":"default","footnotes":"","jetpack_publicize_message":"","jetpack_publicize_feature_enabled":true,"jetpack_social_post_already_shared":true,"jetpack_social_options":{"image_generator_settings":{"template":"highway","default_image_id":0,"font":"","enabled":false},"version":2}},"categories":[18],"tags":[],"class_list":["post-2597","post","type-post","status-publish","format-standard","has-post-thumbnail","hentry","category-consejo-tecnico-escolar"],"_wp_page_template":null,"_wp_attachment_metadata":null,"_wp_attached_file":null,"_wp_attachment_context":null,"_elementor_edit_mode":null,"_elementor_template_type":null,"_wp_attachment_backup_sizes":null,"_wpas_feature_enabled":null,"_wpas_is_tweetstorm":null,"_wpas_mess":null,"_thumbnail_id":"2571","_wpas_done_all":"1","_wp_attachment_image_alt":null,"_oembed_953a61d5df8c3836a556d8d39803bf3c":null,"_oembed_time_953a61d5df8c3836a556d8d39803bf3c":null,"_wpas_skip_28712532":null,"_oembed_4a4bb227a6bbfc1286813ba1a53587ee":null,"_oembed_time_4a4bb227a6bbfc1286813ba1a53587ee":null,"_oembed_b65f030d0e4fe78a9f2aa20ef42c0e18":null,"_oembed_time_b65f030d0e4fe78a9f2aa20ef42c0e18":null,"_oembed_f6a64b4156635a0bc55b4c4bbc364650":null,"_oembed_time_f6a64b4156635a0bc55b4c4bbc364650":null,"_oembed_a22c2ada96445daed271c1dcee845f2b":null,"_menu_item_type":null,"_menu_item_menu_item_parent":null,"_menu_item_object_id":null,"_menu_item_object":null,"_menu_item_target":null,"_menu_item_classes":null,"_menu_item_xfn":null,"_menu_item_url":null,"_menu_item_orphaned":null,"_wp_attachment_custom_header_last_used_cozibee":null,"_wp_attachment_is_custom_header":null,"_wp_attachment_is_custom_background":null,"_oembed_0fce63d053e1c840acdaf9784da4fc8b":null,"_oembed_time_0fce63d053e1c840acdaf9784da4fc8b":null,"_oembed_868a97a741381805139bcba376ff0625":null,"_oembed_time_868a97a741381805139bcba376ff0625":null,"_oembed_e579f188e1e4ab796dbace1957f8fbde":null,"_oembed_time_e579f188e1e4ab796dbace1957f8fbde":null,"_oembed_3aa5ccda408558f57932bf67f990a691":null,"_oembed_time_3aa5ccda408558f57932bf67f990a691":null,"_oembed_c2491fa9a9f5cdc93a304b975729ea15":null,"_oembed_time_c2491fa9a9f5cdc93a304b975729ea15":null,"_oembed_5d0a0fbc199d09fc11425162a9492c14":null,"_oembed_time_5d0a0fbc199d09fc11425162a9492c14":null,"_oembed_ba589a8b01cad13e4e566584052cb77a":null,"_oembed_time_ba589a8b01cad13e4e566584052cb77a":null,"_oembed_30669573d2b5e70ea857547628b634da":null,"_oembed_time_30669573d2b5e70ea857547628b634da":null,"_oembed_c6c454880f54c026403650bfc764daa8":null,"_oembed_time_c6c454880f54c026403650bfc764daa8":null,"_oembed_3d570b3811c404e494d6a02452207e66":null,"_oembed_time_3d570b3811c404e494d6a02452207e66":null,"_oembed_4e4c64d45329ac65f2ecba3f1098156b":null,"_oembed_time_4e4c64d45329ac65f2ecba3f1098156b":null,"_oembed_26ea7d7572a89a903bdcc029628ad5b2":null,"_oembed_time_26ea7d7572a89a903bdcc029628ad5b2":null,"_oembed_a7e95c0362f8dba8c04afb28dfeba5c4":null,"_oembed_time_a7e95c0362f8dba8c04afb28dfeba5c4":null,"_oembed_e5b9ced47b1732d259a5d4aeddd9f86b":null,"_oembed_time_e5b9ced47b1732d259a5d4aeddd9f86b":null,"_oembed_5b4c9d950ab8f0e6ee36bf1d03b97fa2":null,"_oembed_time_5b4c9d950ab8f0e6ee36bf1d03b97fa2":null,"_oembed_b49cdec356d7242bb8a49d9c9f01bc06":null,"_oembed_time_b49cdec356d7242bb8a49d9c9f01bc06":null,"_oembed_304f4ae101daf3ec11ce08903a61e1a1":null,"_oembed_time_304f4ae101daf3ec11ce08903a61e1a1":null,"_oembed_83e577f7d02d35ed039e43ba03038e30":null,"_oembed_time_83e577f7d02d35ed039e43ba03038e30":null,"_oembed_ac101d4e0aa9c1e0993fbaffe57d0fc5":null,"_oembed_time_ac101d4e0aa9c1e0993fbaffe57d0fc5":null,"_oembed_b8411cad4c872303f3f389c0550cfc51":null,"_oembed_time_b8411cad4c872303f3f389c0550cfc51":null,"_oembed_a21a162044b7b51413df6eac11ad958f":null,"_oembed_time_a21a162044b7b51413df6eac11ad958f":null,"_oembed_fba64fc3e6e979fc9c4aa99f0afe7d79":null,"_oembed_time_fba64fc3e6e979fc9c4aa99f0afe7d79":null,"_oembed_76d1c5765b2bc8197eba722fa7cc4244":null,"_oembed_time_76d1c5765b2bc8197eba722fa7cc4244":null,"_oembed_1af62fd759021cc0b68eaa004effd6d5":null,"_oembed_time_1af62fd759021cc0b68eaa004effd6d5":null,"_oembed_2aeeb91d42a24ab084a9cb37fb3b67f1":null,"_oembed_time_2aeeb91d42a24ab084a9cb37fb3b67f1":null,"_oembed_a20b7becc3d5a90f749947d58de23463":null,"_oembed_time_a20b7becc3d5a90f749947d58de23463":null,"_oembed_8796659fa365a11c137d85033d2e7b2c":null,"_jetpack_post_was_ever_published":null,"_jetpack_newsletter_access":null,"_jetpack_newsletter_tier_id":null,"_oembed_5e6fd9549f847190c195ab03255f6ae1":null,"_oembed_554eaf78a040947b2cdd90835d8cd276":null,"_oembed_time_554eaf78a040947b2cdd90835d8cd276":null,"_oembed_7271f435f5fb97d3120864ad34adb6c3":null,"_oembed_time_7271f435f5fb97d3120864ad34adb6c3":null,"_oembed_1fa2fbab810b9b626ad7cc0992ad6aaf":null,"_oembed_time_1fa2fbab810b9b626ad7cc0992ad6aaf":null,"_oembed_64d2135e548c4ce907bc35b61950835b":null,"_oembed_time_64d2135e548c4ce907bc35b61950835b":null,"_oembed_b06e05f997fbefc05e29757e11f828c6":null,"_oembed_time_b06e05f997fbefc05e29757e11f828c6":null,"_oembed_8ce37cc1b7e4dd2fc03872862421313f":null,"_oembed_time_8ce37cc1b7e4dd2fc03872862421313f":null,"_oembed_2158468bd8321669930d1e9681ce2bef":null,"_oembed_time_2158468bd8321669930d1e9681ce2bef":null,"_oembed_ce1b323d791120f5404dbf8cceb57366":null,"_oembed_time_ce1b323d791120f5404dbf8cceb57366":null,"_oembed_21a8242fe71dbeda6363d1536af838e8":null,"_oembed_time_21a8242fe71dbeda6363d1536af838e8":null,"_oembed_eb56dfdacfea2f082dd29cd9084ec889":null,"_wp_old_slug":null,"_oembed_630acfcb06b9afa6ddad824949b84793":null,"_pingme":null,"_encloseme":null,"_oembed_5a7c9eb8a81530ecf9e4e972c23ba731":null,"_oembed_f2fd7c802a7374c43ea88d0097870f1b":null,"_oembed_time_f2fd7c802a7374c43ea88d0097870f1b":null,"_oembed_time_5a7c9eb8a81530ecf9e4e972c23ba731":null,"_oembed_6a91eb9d3d56701e2bf3c9752e96e963":null,"_oembed_c420e9b8b4ecc62da9e432b3ac6a775c":null,"_oembed_725a018f8f3c315b019b5027147af17c":null,"_oembed_fbaa8b858f2c2b8bd17bd9f041381fd0":null,"_oembed_b1333ac22358b86e275b521bfe898d6c":null,"_oembed_81a8344c3ba22ed7e81d42d93e039c83":null,"_oembed_e8b758a02e7baa37faf81b4537e12296":null,"_oembed_f176d255aad93b4de0d42f54076770bd":null,"_oembed_b39b53a24b9c3ddc8f4d0334bdf02260":null,"_oembed_172d3f081ea3bc54cd6f27cf98769eac":null,"_oembed_a121a60eb9062ad69062a9659affb999":null,"_wp_desired_post_slug":null,"_wp_attachment_custom_header_last_used_blogstream":null,"_edit_lock":null,"_last_editor_used_jetpack":null,"_jetpack_related_posts_cache":null,"_edit_last":null,"_wp_trash_meta_status":null,"_wp_trash_meta_time":null,"footnotes":null,"jetpack_publicize_connections":[],"_links":{"self":[{"href":"https:\/\/ddmx.cc\/blog\/wp-json\/wp\/v2\/posts\/2597","targetHints":{"allow":["GET"]}}],"collection":[{"href":"https:\/\/ddmx.cc\/blog\/wp-json\/wp\/v2\/posts"}],"about":[{"href":"https:\/\/ddmx.cc\/blog\/wp-json\/wp\/v2\/types\/post"}],"author":[{"embeddable":true,"href":"https:\/\/ddmx.cc\/blog\/wp-json\/wp\/v2\/users\/2"}],"replies":[{"embeddable":true,"href":"https:\/\/ddmx.cc\/blog\/wp-json\/wp\/v2\/comments?post=2597"}],"version-history":[{"count":0,"href":"https:\/\/ddmx.cc\/blog\/wp-json\/wp\/v2\/posts\/2597\/revisions"}],"wp:featuredmedia":[{"embeddable":true,"href":"https:\/\/ddmx.cc\/blog\/wp-json\/wp\/v2\/media\/2571"}],"wp:attachment":[{"href":"https:\/\/ddmx.cc\/blog\/wp-json\/wp\/v2\/media?parent=2597"}],"wp:term":[{"taxonomy":"category","embeddable":true,"href":"https:\/\/ddmx.cc\/blog\/wp-json\/wp\/v2\/categories?post=2597"},{"taxonomy":"post_tag","embeddable":true,"href":"https:\/\/ddmx.cc\/blog\/wp-json\/wp\/v2\/tags?post=2597"}],"curies":[{"name":"wp","href":"https:\/\/api.w.org\/{rel}","templated":true}]}}