{"id":2627,"date":"2026-04-21T07:30:08","date_gmt":"2026-04-21T13:30:08","guid":{"rendered":"https:\/\/ddmx.cc\/blog\/archivos\/2627"},"modified":"2026-04-21T07:30:08","modified_gmt":"2026-04-21T13:30:08","slug":"autonomia-profesional-o-carga-administrativa-el-dilema-de-los-ejes-articuladores-del-plan-2022","status":"publish","type":"post","link":"https:\/\/ddmx.cc\/blog\/archivos\/2627","title":{"rendered":"\u00bfAutonom\u00eda Profesional o Carga Administrativa? El Dilema de los Ejes Articuladores del Plan 2022"},"content":{"rendered":"<h2>El Pizarr\u00f3n Cr\u00edtico: An\u00e1lisis de fondo<\/h2>\n<p>En el complejo ecosistema educativo actual, la transici\u00f3n hacia nuevos modelos pedag\u00f3gicos suele presentarse como un camino lineal de mejora. Recientemente, se ha puesto sobre la mesa un fasc\u00edculo de orientaci\u00f3n pedag\u00f3gica emitido por <a href='https:\/\/gestion.cte.sep.gob.mx\/insumos\/docs\/2526_s2_t8_orgcompleta_insumo2.pdf'>Mejoredu<\/a>, cuyo objetivo es guiar a los colectivos docentes en la integraci\u00f3n curricular del Plan de Estudio 2022. El documento propone un giro fundamental: dejar de ver los contenidos como metas aisladas y comenzar a entenderlos a trav\u00e9s de siete ejes articuladores que vinculen el aula con la realidad comunitaria.<\/p>\n<h2>La Teor\u00eda: Del Programa Sint\u00e9tico al Dise\u00f1o Anal\u00edtico<\/h2>\n<p>El n\u00facleo de la propuesta de Mejoredu reside en lo que denominan la <strong>concreci\u00f3n curricular<\/strong>. Este proceso no es una simple ejecuci\u00f3n de pasos, sino una ruta metodol\u00f3gica que comienza con la <em>lectura de la realidad<\/em>, pasa por la <em>contextualizaci\u00f3n<\/em> y el <em>codise\u00f1o<\/em>, y culmina en la planeaci\u00f3n did\u00e1ctica. La premisa es clara: el docente ya no es un operador de libros de texto, sino un dise\u00f1ador curricular con autonom\u00eda profesional.<\/p>\n<p>Para lograr esto, el documento introduce la met\u00e1fora del <strong>\u00abCaleidoscopio\u00bb<\/strong>. Bajo esta metodolog\u00eda, los siete ejes articuladores (Inclusi\u00f3n, Interculturalidad Cr\u00edtica, Igualdad de G\u00e9nero, Pensamiento Cr\u00edtico, Vida Saludable, Artes y Experiencias Est\u00e9ticas, y Apropiaci\u00f3n de las Culturas) funcionan como lentes diversos. Ante un problema comunitario \u2014por ejemplo, la escasez de agua o la violencia local\u2014 el docente no debe elegir un solo eje, sino analizar el fen\u00f3meno desde m\u00faltiples perspectivas para generar un aprendizaje significativo.<\/p>\n<blockquote><p>\n  \u00abLa justicia curricular implica que el dise\u00f1o educativo debe garantizar que nadie se quede atr\u00e1s, reconociendo las desigualdades hist\u00f3ricas para transformar la realidad\u00bb. Esta visi\u00f3n, inspirada en Paulo Freire, eleva el acto educativo a una categor\u00eda pol\u00edtica y emancipadora.\n<\/p><\/blockquote>\n<h2>La Realidad Escolar: \u00bfD\u00f3nde choca la teor\u00eda con el aula?<\/h2>\n<p>Desde la l\u00ednea editorial de <em>El Pizarr\u00f3n Cr\u00edtico<\/em>, es imperativo preguntarnos: <strong>\u00bfen qu\u00e9 medida esta arquitectura pedag\u00f3gica es viable en la realidad cotidiana de las escuelas mexicanas?<\/strong><\/p>\n<p>Si bien la idea de la \u00abautonom\u00eda profesional\u00bb es seductora, en la pr\u00e1ctica suele colisionar con una estructura administrativa que sigue siendo vertical y fiscalizadora. Para muchos maestros, el \u00abcodise\u00f1o\u00bb y la \u00ablectura de la realidad\u00bb se han percibido no como un ejercicio de libertad creativa, sino como una carga administrativa adicional que requiere de formatos, actas y evidencias que deben entregarse a supervisiones que, en ocasiones, no comprenden la flexibilidad que el propio Plan 2022 propone.<\/p>\n<p>Adem\u00e1s, surge una interrogante socr\u00e1tica: <strong>\u00bfEs posible implementar una \u00abjusticia curricular\u00bb en contextos donde las carencias materiales son abrumadoras?<\/strong> Hablar de \u00abvida saludable\u00bb o \u00abexperiencias est\u00e9ticas\u00bb en escuelas que carecen de agua potable o infraestructura b\u00e1sica crea una disonancia cognitiva dolorosa. El docente se encuentra en la encrucijada de intentar transformar la realidad social de su comunidad \u2014como sugiere Freire\u2014 mientras lucha contra un sistema que a menudo lo deja solo en la gesti\u00f3n de crisis sociales que superan cualquier estrategia did\u00e1ctica.<\/p>\n<p>El riesgo es que el \u00abCaleidoscopio\u00bb se convierta en un ejercicio de maquillaje curricular: que el maestro, abrumado por el tiempo y la cantidad de alumnos, fuerce la vinculaci\u00f3n de los ejes con los contenidos solo para cumplir con la planeaci\u00f3n, vaciando de sentido la reflexi\u00f3n cr\u00edtica que el documento de Mejoredu pretende fomentar.<\/p>\n<h2>Hacia un debate necesario<\/h2>\n<p>El documento de Mejoredu es t\u00e9cnicamente s\u00f3lido y pedag\u00f3gicamente ambicioso, pero la brecha entre el fasc\u00edculo y el sal\u00f3n de clases sigue siendo ancha. La verdadera autonom\u00eda no se decreta en un documento; se construye reduciendo la carga burocr\u00e1tica y brindando apoyos reales al docente en el territorio.<\/p>\n<p>Para cerrar este an\u00e1lisis, abrimos el debate con el colectivo docente:<\/p>\n<p><strong>1. \u00bfSienten que la \u00abautonom\u00eda profesional\u00bb mencionada en el Plan 2022 se ha traducido en libertad pedag\u00f3gica o se ha convertido en una nueva forma de gesti\u00f3n administrativa?<\/strong><\/p>\n<p><strong>2. \u00bfC\u00f3mo podemos aterrizar los ejes articuladores en realidades escolares donde las necesidades b\u00e1sicas no est\u00e1n cubiertas, sin que el ejercicio se vuelva superficial o ut\u00f3pico?<\/strong><\/p>\n","protected":false},"excerpt":{"rendered":"<p>El Pizarr\u00f3n Cr\u00edtico: An\u00e1lisis de fondo En el complejo ecosistema educativo actual, la transici\u00f3n hacia nuevos modelos pedag\u00f3gicos suele presentarse como un camino lineal de mejora. Recientemente, se ha puesto sobre la mesa un fasc\u00edculo de orientaci\u00f3n pedag\u00f3gica emitido por Mejoredu, cuyo objetivo es guiar a los colectivos docentes en la integraci\u00f3n curricular del Plan [&hellip;]<\/p>\n","protected":false},"author":2,"featured_media":2571,"comment_status":"","ping_status":"","sticky":false,"template":"","format":"standard","meta":{"inline_featured_image":false,"rop_custom_images_group":[],"rop_custom_messages_group":[],"rop_publish_now":"initial","rop_publish_now_accounts":{"facebook_2925173004293474_260002561269783":""},"rop_publish_now_history":[],"rop_publish_now_status":"pending","site-container-style":"default","site-container-layout":"default","site-sidebar-layout":"default","site-transparent-header":"default","disable-article-header":"default","disable-site-header":"default","disable-site-footer":"default","disable-content-area-spacing":"default","footnotes":"","jetpack_publicize_message":"","jetpack_publicize_feature_enabled":true,"jetpack_social_post_already_shared":true,"jetpack_social_options":{"image_generator_settings":{"template":"highway","default_image_id":0,"font":"","enabled":false},"version":2}},"categories":[18],"tags":[],"class_list":["post-2627","post","type-post","status-publish","format-standard","has-post-thumbnail","hentry","category-consejo-tecnico-escolar"],"_wp_page_template":null,"_wp_attachment_metadata":null,"_wp_attached_file":null,"_wp_attachment_context":null,"_elementor_edit_mode":null,"_elementor_template_type":null,"_wp_attachment_backup_sizes":null,"_wpas_feature_enabled":null,"_wpas_is_tweetstorm":null,"_wpas_mess":null,"_thumbnail_id":"2571","_wpas_done_all":"1","_wp_attachment_image_alt":null,"_oembed_953a61d5df8c3836a556d8d39803bf3c":null,"_oembed_time_953a61d5df8c3836a556d8d39803bf3c":null,"_wpas_skip_28712532":null,"_oembed_4a4bb227a6bbfc1286813ba1a53587ee":null,"_oembed_time_4a4bb227a6bbfc1286813ba1a53587ee":null,"_oembed_b65f030d0e4fe78a9f2aa20ef42c0e18":null,"_oembed_time_b65f030d0e4fe78a9f2aa20ef42c0e18":null,"_oembed_f6a64b4156635a0bc55b4c4bbc364650":null,"_oembed_time_f6a64b4156635a0bc55b4c4bbc364650":null,"_oembed_a22c2ada96445daed271c1dcee845f2b":null,"_menu_item_type":null,"_menu_item_menu_item_parent":null,"_menu_item_object_id":null,"_menu_item_object":null,"_menu_item_target":null,"_menu_item_classes":null,"_menu_item_xfn":null,"_menu_item_url":null,"_menu_item_orphaned":null,"_wp_attachment_custom_header_last_used_cozibee":null,"_wp_attachment_is_custom_header":null,"_wp_attachment_is_custom_background":null,"_oembed_0fce63d053e1c840acdaf9784da4fc8b":null,"_oembed_time_0fce63d053e1c840acdaf9784da4fc8b":null,"_oembed_868a97a741381805139bcba376ff0625":null,"_oembed_time_868a97a741381805139bcba376ff0625":null,"_oembed_e579f188e1e4ab796dbace1957f8fbde":null,"_oembed_time_e579f188e1e4ab796dbace1957f8fbde":null,"_oembed_3aa5ccda408558f57932bf67f990a691":null,"_oembed_time_3aa5ccda408558f57932bf67f990a691":null,"_oembed_c2491fa9a9f5cdc93a304b975729ea15":null,"_oembed_time_c2491fa9a9f5cdc93a304b975729ea15":null,"_oembed_5d0a0fbc199d09fc11425162a9492c14":null,"_oembed_time_5d0a0fbc199d09fc11425162a9492c14":null,"_oembed_ba589a8b01cad13e4e566584052cb77a":null,"_oembed_time_ba589a8b01cad13e4e566584052cb77a":null,"_oembed_30669573d2b5e70ea857547628b634da":null,"_oembed_time_30669573d2b5e70ea857547628b634da":null,"_oembed_c6c454880f54c026403650bfc764daa8":null,"_oembed_time_c6c454880f54c026403650bfc764daa8":null,"_oembed_3d570b3811c404e494d6a02452207e66":null,"_oembed_time_3d570b3811c404e494d6a02452207e66":null,"_oembed_4e4c64d45329ac65f2ecba3f1098156b":null,"_oembed_time_4e4c64d45329ac65f2ecba3f1098156b":null,"_oembed_26ea7d7572a89a903bdcc029628ad5b2":null,"_oembed_time_26ea7d7572a89a903bdcc029628ad5b2":null,"_oembed_a7e95c0362f8dba8c04afb28dfeba5c4":null,"_oembed_time_a7e95c0362f8dba8c04afb28dfeba5c4":null,"_oembed_e5b9ced47b1732d259a5d4aeddd9f86b":null,"_oembed_time_e5b9ced47b1732d259a5d4aeddd9f86b":null,"_oembed_5b4c9d950ab8f0e6ee36bf1d03b97fa2":null,"_oembed_time_5b4c9d950ab8f0e6ee36bf1d03b97fa2":null,"_oembed_b49cdec356d7242bb8a49d9c9f01bc06":null,"_oembed_time_b49cdec356d7242bb8a49d9c9f01bc06":null,"_oembed_304f4ae101daf3ec11ce08903a61e1a1":null,"_oembed_time_304f4ae101daf3ec11ce08903a61e1a1":null,"_oembed_83e577f7d02d35ed039e43ba03038e30":null,"_oembed_time_83e577f7d02d35ed039e43ba03038e30":null,"_oembed_ac101d4e0aa9c1e0993fbaffe57d0fc5":null,"_oembed_time_ac101d4e0aa9c1e0993fbaffe57d0fc5":null,"_oembed_b8411cad4c872303f3f389c0550cfc51":null,"_oembed_time_b8411cad4c872303f3f389c0550cfc51":null,"_oembed_a21a162044b7b51413df6eac11ad958f":null,"_oembed_time_a21a162044b7b51413df6eac11ad958f":null,"_oembed_fba64fc3e6e979fc9c4aa99f0afe7d79":null,"_oembed_time_fba64fc3e6e979fc9c4aa99f0afe7d79":null,"_oembed_76d1c5765b2bc8197eba722fa7cc4244":null,"_oembed_time_76d1c5765b2bc8197eba722fa7cc4244":null,"_oembed_1af62fd759021cc0b68eaa004effd6d5":null,"_oembed_time_1af62fd759021cc0b68eaa004effd6d5":null,"_oembed_2aeeb91d42a24ab084a9cb37fb3b67f1":null,"_oembed_time_2aeeb91d42a24ab084a9cb37fb3b67f1":null,"_oembed_a20b7becc3d5a90f749947d58de23463":null,"_oembed_time_a20b7becc3d5a90f749947d58de23463":null,"_oembed_8796659fa365a11c137d85033d2e7b2c":null,"_jetpack_post_was_ever_published":null,"_jetpack_newsletter_access":null,"_jetpack_newsletter_tier_id":null,"_oembed_5e6fd9549f847190c195ab03255f6ae1":null,"_oembed_554eaf78a040947b2cdd90835d8cd276":null,"_oembed_time_554eaf78a040947b2cdd90835d8cd276":null,"_oembed_7271f435f5fb97d3120864ad34adb6c3":null,"_oembed_time_7271f435f5fb97d3120864ad34adb6c3":null,"_oembed_1fa2fbab810b9b626ad7cc0992ad6aaf":null,"_oembed_time_1fa2fbab810b9b626ad7cc0992ad6aaf":null,"_oembed_64d2135e548c4ce907bc35b61950835b":null,"_oembed_time_64d2135e548c4ce907bc35b61950835b":null,"_oembed_b06e05f997fbefc05e29757e11f828c6":null,"_oembed_time_b06e05f997fbefc05e29757e11f828c6":null,"_oembed_8ce37cc1b7e4dd2fc03872862421313f":null,"_oembed_time_8ce37cc1b7e4dd2fc03872862421313f":null,"_oembed_2158468bd8321669930d1e9681ce2bef":null,"_oembed_time_2158468bd8321669930d1e9681ce2bef":null,"_oembed_ce1b323d791120f5404dbf8cceb57366":null,"_oembed_time_ce1b323d791120f5404dbf8cceb57366":null,"_oembed_21a8242fe71dbeda6363d1536af838e8":null,"_oembed_time_21a8242fe71dbeda6363d1536af838e8":null,"_oembed_eb56dfdacfea2f082dd29cd9084ec889":null,"_wp_old_slug":null,"_oembed_630acfcb06b9afa6ddad824949b84793":null,"_pingme":null,"_encloseme":null,"_oembed_5a7c9eb8a81530ecf9e4e972c23ba731":null,"_oembed_f2fd7c802a7374c43ea88d0097870f1b":null,"_oembed_time_f2fd7c802a7374c43ea88d0097870f1b":null,"_oembed_time_5a7c9eb8a81530ecf9e4e972c23ba731":null,"_oembed_6a91eb9d3d56701e2bf3c9752e96e963":null,"_oembed_c420e9b8b4ecc62da9e432b3ac6a775c":null,"_oembed_725a018f8f3c315b019b5027147af17c":null,"_oembed_fbaa8b858f2c2b8bd17bd9f041381fd0":null,"_oembed_b1333ac22358b86e275b521bfe898d6c":null,"_oembed_81a8344c3ba22ed7e81d42d93e039c83":null,"_oembed_e8b758a02e7baa37faf81b4537e12296":null,"_oembed_f176d255aad93b4de0d42f54076770bd":null,"_oembed_b39b53a24b9c3ddc8f4d0334bdf02260":null,"_oembed_172d3f081ea3bc54cd6f27cf98769eac":null,"_oembed_a121a60eb9062ad69062a9659affb999":null,"_wp_desired_post_slug":null,"_wp_attachment_custom_header_last_used_blogstream":null,"_edit_lock":null,"_last_editor_used_jetpack":null,"_jetpack_related_posts_cache":null,"_edit_last":null,"_wp_trash_meta_status":null,"_wp_trash_meta_time":null,"footnotes":null,"jetpack_publicize_connections":[],"_links":{"self":[{"href":"https:\/\/ddmx.cc\/blog\/wp-json\/wp\/v2\/posts\/2627","targetHints":{"allow":["GET"]}}],"collection":[{"href":"https:\/\/ddmx.cc\/blog\/wp-json\/wp\/v2\/posts"}],"about":[{"href":"https:\/\/ddmx.cc\/blog\/wp-json\/wp\/v2\/types\/post"}],"author":[{"embeddable":true,"href":"https:\/\/ddmx.cc\/blog\/wp-json\/wp\/v2\/users\/2"}],"replies":[{"embeddable":true,"href":"https:\/\/ddmx.cc\/blog\/wp-json\/wp\/v2\/comments?post=2627"}],"version-history":[{"count":0,"href":"https:\/\/ddmx.cc\/blog\/wp-json\/wp\/v2\/posts\/2627\/revisions"}],"wp:featuredmedia":[{"embeddable":true,"href":"https:\/\/ddmx.cc\/blog\/wp-json\/wp\/v2\/media\/2571"}],"wp:attachment":[{"href":"https:\/\/ddmx.cc\/blog\/wp-json\/wp\/v2\/media?parent=2627"}],"wp:term":[{"taxonomy":"category","embeddable":true,"href":"https:\/\/ddmx.cc\/blog\/wp-json\/wp\/v2\/categories?post=2627"},{"taxonomy":"post_tag","embeddable":true,"href":"https:\/\/ddmx.cc\/blog\/wp-json\/wp\/v2\/tags?post=2627"}],"curies":[{"name":"wp","href":"https:\/\/api.w.org\/{rel}","templated":true}]}}