{"id":2633,"date":"2026-04-23T07:30:08","date_gmt":"2026-04-23T13:30:08","guid":{"rendered":"https:\/\/ddmx.cc\/blog\/archivos\/2633"},"modified":"2026-04-23T07:30:08","modified_gmt":"2026-04-23T13:30:08","slug":"autonomia-profesional-o-nueva-carga-administrativa-el-reto-del-docente-de-preescolar","status":"publish","type":"post","link":"https:\/\/ddmx.cc\/blog\/archivos\/2633","title":{"rendered":"\u00bfAutonom\u00eda Profesional o Nueva Carga Administrativa? El Reto del Docente de Preescolar"},"content":{"rendered":"<h2>El Pizarr\u00f3n Cr\u00edtico: An\u00e1lisis de fondo<\/h2>\n<p>La Secretar\u00eda de Educaci\u00f3n P\u00fablica ha puesto sobre la mesa un planteamiento ambicioso para quienes encabezan la educaci\u00f3n inicial en M\u00e9xico. A trav\u00e9s del documento <a href='https:\/\/educacionbasica.sep.gov.mx\/wp-content\/uploads\/2024\/08\/El-reto-de-ser-docente-en-Educacion-Preescolar.pdf'>El reto de ser docente en Educaci\u00f3n Preescolar (Cuaderno 3)<\/a>, se nos invita a transitar de una pr\u00e1ctica mecanizada hacia una verdadera autonom\u00eda profesional. El objetivo es claro: que el docente de la Fase 2 deje de ser un simple aplicador de programas para convertirse en un dise\u00f1ador de experiencias educativas contextualizadas, alineadas con los principios de la Nueva Escuela Mexicana (NEM) y el Plan de Estudio 2022.<\/p>\n<h2>La Teor\u00eda: El docente como agente de transformaci\u00f3n<\/h2>\n<p>El documento se fundamenta en la idea de que la identidad docente no es un t\u00edtulo est\u00e1tico, sino una construcci\u00f3n colectiva y din\u00e1mica. Para sostener esta visi\u00f3n, se recupera la taxonom\u00eda de <strong>Maurice Tardif<\/strong>, quien distingue cuatro tipos de saberes que convergen en el aula:<\/p>\n<ul>\n<li><strong>Saberes Profesionales:<\/strong> La base pedag\u00f3gica y cient\u00edfica de la formaci\u00f3n inicial.<\/li>\n<li><strong>Saberes Disciplinarios:<\/strong> El dominio profundo de las \u00e1reas del conocimiento.<\/li>\n<li><strong>Saberes Curriculares:<\/strong> El manejo de los programas oficiales.<\/li>\n<li><strong>Saberes Experienciales:<\/strong> Aquellos que nacen del d\u00eda a d\u00eda, el contacto con el alumno y el entorno; estos \u00faltimos son presentados como el eje que permite validar y dar sentido a los anteriores.<\/li>\n<\/ul>\n<p>Bajo este marco, la <strong>Autonom\u00eda Profesional<\/strong> se presenta no como una libertad absoluta, sino como la capacidad de \u00abresignificar\u00bb el Programa Sint\u00e9tico (la norma nacional) para convertirlo en un Programa Anal\u00edtico que responda a las realidades territoriales, sociales y ambientales de cada centro escolar. Se nos advierte sobre el peligro de la \u00abrutina sin sentido\u00bb: cambiar el nombre de las actividades pero seguir ense\u00f1ando el alfabeto de forma tradicional.<\/p>\n<h2>La Realidad Escolar: El choque entre el papel y el aula<\/h2>\n<p>Aqu\u00ed es donde la informaci\u00f3n se encuentra con la realidad escolar. La propuesta de la SEP es pedag\u00f3gicamente seductora: un docente reflexivo, aut\u00f3nomo y conectado con su comunidad. Sin embargo, cabe preguntarnos: <strong>\u00bfEn qu\u00e9 momento del d\u00eda el docente de preescolar encuentra el espacio mental y temporal para ejercer esta reflexi\u00f3n cr\u00edtica?<\/strong><\/p>\n<p>En la pr\u00e1ctica cotidiana de las escuelas mexicanas, la \u00abautonom\u00eda profesional\u00bb a menudo colisiona con una carga administrativa que parece no ceder. Mientras el documento sugiere un an\u00e1lisis profundo de los Procesos de Desarrollo y Aprendizaje (PDA), muchos docentes se encuentran lidiando con la presi\u00f3n de entregar evidencias burocr\u00e1ticas que, en ocasiones, priorizan la forma sobre el fondo. Existe el riesgo real de que la \u00abcontextualizaci\u00f3n\u00bb se convierta en una tarea m\u00e1s de llenado de formatos en el Consejo T\u00e9cnico Escolar, en lugar de un ejercicio genuino de codise\u00f1o.<\/p>\n<blockquote><p>\n    \u00abNo se puede transitar de la rutina a la reflexi\u00f3n si el docente est\u00e1 agotado por la gesti\u00f3n administrativa.\u00bb\n<\/p><\/blockquote>\n<p>Adem\u00e1s, el documento menciona los \u00abretos de la comunidad\u00bb y el v\u00ednculo con las familias. En el contexto mexicano, esto implica navegar entre la apat\u00eda de algunos padres de familia y la complejidad de entornos sociales vulnerables. \u00bfEs la autonom\u00eda profesional una herramienta de empoderamiento o es, acaso, una transferencia de la responsabilidad del Estado hacia el hombro del maestro, quien ahora debe \u00abresolver\u00bb la brecha entre el programa nacional y la carencia de recursos locales?<\/p>\n<p>El desaf\u00edo no es solo pedag\u00f3gico, sino estructural. Para que el docente pase de ser un aplicador a un transformador, requiere no solo de \u00abalerta intelectual\u00bb, sino de condiciones laborales que permitan que el trabajo colaborativo no sea una imposici\u00f3n horaria, sino una necesidad profesional.<\/p>\n<p>Para cerrar este an\u00e1lisis, abrimos la conversaci\u00f3n con ustedes:<\/p>\n<p><strong>1. \u00bfSienten que la autonom\u00eda profesional les ha dado mayor libertad pedag\u00f3gica o se ha traducido en una mayor carga de planeaci\u00f3n y justificaci\u00f3n administrativa?<\/strong><\/p>\n<p><strong>2. \u00bfQu\u00e9 saberes experienciales de su propia pr\u00e1ctica consideran que el Programa Sint\u00e9tico ignora por completo y c\u00f3mo han logrado integrarlos en su Programa Anal\u00edtico?<\/strong><\/p>\n","protected":false},"excerpt":{"rendered":"<p>El Pizarr\u00f3n Cr\u00edtico: An\u00e1lisis de fondo La Secretar\u00eda de Educaci\u00f3n P\u00fablica ha puesto sobre la mesa un planteamiento ambicioso para quienes encabezan la educaci\u00f3n inicial en M\u00e9xico. A trav\u00e9s del documento El reto de ser docente en Educaci\u00f3n Preescolar (Cuaderno 3), se nos invita a transitar de una pr\u00e1ctica mecanizada hacia una verdadera autonom\u00eda profesional. [&hellip;]<\/p>\n","protected":false},"author":2,"featured_media":2571,"comment_status":"","ping_status":"","sticky":false,"template":"","format":"standard","meta":{"inline_featured_image":false,"rop_custom_images_group":[],"rop_custom_messages_group":[],"rop_publish_now":"initial","rop_publish_now_accounts":{"facebook_2925173004293474_260002561269783":""},"rop_publish_now_history":[],"rop_publish_now_status":"pending","site-container-style":"default","site-container-layout":"default","site-sidebar-layout":"default","site-transparent-header":"default","disable-article-header":"default","disable-site-header":"default","disable-site-footer":"default","disable-content-area-spacing":"default","footnotes":"","jetpack_publicize_message":"","jetpack_publicize_feature_enabled":true,"jetpack_social_post_already_shared":true,"jetpack_social_options":{"image_generator_settings":{"template":"highway","default_image_id":0,"font":"","enabled":false},"version":2}},"categories":[18],"tags":[],"class_list":["post-2633","post","type-post","status-publish","format-standard","has-post-thumbnail","hentry","category-consejo-tecnico-escolar"],"_wp_page_template":null,"_wp_attachment_metadata":null,"_wp_attached_file":null,"_wp_attachment_context":null,"_elementor_edit_mode":null,"_elementor_template_type":null,"_wp_attachment_backup_sizes":null,"_wpas_feature_enabled":null,"_wpas_is_tweetstorm":null,"_wpas_mess":null,"_thumbnail_id":"2571","_wpas_done_all":"1","_wp_attachment_image_alt":null,"_oembed_953a61d5df8c3836a556d8d39803bf3c":null,"_oembed_time_953a61d5df8c3836a556d8d39803bf3c":null,"_wpas_skip_28712532":null,"_oembed_4a4bb227a6bbfc1286813ba1a53587ee":null,"_oembed_time_4a4bb227a6bbfc1286813ba1a53587ee":null,"_oembed_b65f030d0e4fe78a9f2aa20ef42c0e18":null,"_oembed_time_b65f030d0e4fe78a9f2aa20ef42c0e18":null,"_oembed_f6a64b4156635a0bc55b4c4bbc364650":null,"_oembed_time_f6a64b4156635a0bc55b4c4bbc364650":null,"_oembed_a22c2ada96445daed271c1dcee845f2b":null,"_menu_item_type":null,"_menu_item_menu_item_parent":null,"_menu_item_object_id":null,"_menu_item_object":null,"_menu_item_target":null,"_menu_item_classes":null,"_menu_item_xfn":null,"_menu_item_url":null,"_menu_item_orphaned":null,"_wp_attachment_custom_header_last_used_cozibee":null,"_wp_attachment_is_custom_header":null,"_wp_attachment_is_custom_background":null,"_oembed_0fce63d053e1c840acdaf9784da4fc8b":null,"_oembed_time_0fce63d053e1c840acdaf9784da4fc8b":null,"_oembed_868a97a741381805139bcba376ff0625":null,"_oembed_time_868a97a741381805139bcba376ff0625":null,"_oembed_e579f188e1e4ab796dbace1957f8fbde":null,"_oembed_time_e579f188e1e4ab796dbace1957f8fbde":null,"_oembed_3aa5ccda408558f57932bf67f990a691":null,"_oembed_time_3aa5ccda408558f57932bf67f990a691":null,"_oembed_c2491fa9a9f5cdc93a304b975729ea15":null,"_oembed_time_c2491fa9a9f5cdc93a304b975729ea15":null,"_oembed_5d0a0fbc199d09fc11425162a9492c14":null,"_oembed_time_5d0a0fbc199d09fc11425162a9492c14":null,"_oembed_ba589a8b01cad13e4e566584052cb77a":null,"_oembed_time_ba589a8b01cad13e4e566584052cb77a":null,"_oembed_30669573d2b5e70ea857547628b634da":null,"_oembed_time_30669573d2b5e70ea857547628b634da":null,"_oembed_c6c454880f54c026403650bfc764daa8":null,"_oembed_time_c6c454880f54c026403650bfc764daa8":null,"_oembed_3d570b3811c404e494d6a02452207e66":null,"_oembed_time_3d570b3811c404e494d6a02452207e66":null,"_oembed_4e4c64d45329ac65f2ecba3f1098156b":null,"_oembed_time_4e4c64d45329ac65f2ecba3f1098156b":null,"_oembed_26ea7d7572a89a903bdcc029628ad5b2":null,"_oembed_time_26ea7d7572a89a903bdcc029628ad5b2":null,"_oembed_a7e95c0362f8dba8c04afb28dfeba5c4":null,"_oembed_time_a7e95c0362f8dba8c04afb28dfeba5c4":null,"_oembed_e5b9ced47b1732d259a5d4aeddd9f86b":null,"_oembed_time_e5b9ced47b1732d259a5d4aeddd9f86b":null,"_oembed_5b4c9d950ab8f0e6ee36bf1d03b97fa2":null,"_oembed_time_5b4c9d950ab8f0e6ee36bf1d03b97fa2":null,"_oembed_b49cdec356d7242bb8a49d9c9f01bc06":null,"_oembed_time_b49cdec356d7242bb8a49d9c9f01bc06":null,"_oembed_304f4ae101daf3ec11ce08903a61e1a1":null,"_oembed_time_304f4ae101daf3ec11ce08903a61e1a1":null,"_oembed_83e577f7d02d35ed039e43ba03038e30":null,"_oembed_time_83e577f7d02d35ed039e43ba03038e30":null,"_oembed_ac101d4e0aa9c1e0993fbaffe57d0fc5":null,"_oembed_time_ac101d4e0aa9c1e0993fbaffe57d0fc5":null,"_oembed_b8411cad4c872303f3f389c0550cfc51":null,"_oembed_time_b8411cad4c872303f3f389c0550cfc51":null,"_oembed_a21a162044b7b51413df6eac11ad958f":null,"_oembed_time_a21a162044b7b51413df6eac11ad958f":null,"_oembed_fba64fc3e6e979fc9c4aa99f0afe7d79":null,"_oembed_time_fba64fc3e6e979fc9c4aa99f0afe7d79":null,"_oembed_76d1c5765b2bc8197eba722fa7cc4244":null,"_oembed_time_76d1c5765b2bc8197eba722fa7cc4244":null,"_oembed_1af62fd759021cc0b68eaa004effd6d5":null,"_oembed_time_1af62fd759021cc0b68eaa004effd6d5":null,"_oembed_2aeeb91d42a24ab084a9cb37fb3b67f1":null,"_oembed_time_2aeeb91d42a24ab084a9cb37fb3b67f1":null,"_oembed_a20b7becc3d5a90f749947d58de23463":null,"_oembed_time_a20b7becc3d5a90f749947d58de23463":null,"_oembed_8796659fa365a11c137d85033d2e7b2c":null,"_jetpack_post_was_ever_published":null,"_jetpack_newsletter_access":null,"_jetpack_newsletter_tier_id":null,"_oembed_5e6fd9549f847190c195ab03255f6ae1":null,"_oembed_554eaf78a040947b2cdd90835d8cd276":null,"_oembed_time_554eaf78a040947b2cdd90835d8cd276":null,"_oembed_7271f435f5fb97d3120864ad34adb6c3":null,"_oembed_time_7271f435f5fb97d3120864ad34adb6c3":null,"_oembed_1fa2fbab810b9b626ad7cc0992ad6aaf":null,"_oembed_time_1fa2fbab810b9b626ad7cc0992ad6aaf":null,"_oembed_64d2135e548c4ce907bc35b61950835b":null,"_oembed_time_64d2135e548c4ce907bc35b61950835b":null,"_oembed_b06e05f997fbefc05e29757e11f828c6":null,"_oembed_time_b06e05f997fbefc05e29757e11f828c6":null,"_oembed_8ce37cc1b7e4dd2fc03872862421313f":null,"_oembed_time_8ce37cc1b7e4dd2fc03872862421313f":null,"_oembed_2158468bd8321669930d1e9681ce2bef":null,"_oembed_time_2158468bd8321669930d1e9681ce2bef":null,"_oembed_ce1b323d791120f5404dbf8cceb57366":null,"_oembed_time_ce1b323d791120f5404dbf8cceb57366":null,"_oembed_21a8242fe71dbeda6363d1536af838e8":null,"_oembed_time_21a8242fe71dbeda6363d1536af838e8":null,"_oembed_eb56dfdacfea2f082dd29cd9084ec889":null,"_wp_old_slug":null,"_oembed_630acfcb06b9afa6ddad824949b84793":null,"_pingme":null,"_encloseme":null,"_oembed_5a7c9eb8a81530ecf9e4e972c23ba731":null,"_oembed_f2fd7c802a7374c43ea88d0097870f1b":null,"_oembed_time_f2fd7c802a7374c43ea88d0097870f1b":null,"_oembed_time_5a7c9eb8a81530ecf9e4e972c23ba731":null,"_oembed_6a91eb9d3d56701e2bf3c9752e96e963":null,"_oembed_c420e9b8b4ecc62da9e432b3ac6a775c":null,"_oembed_725a018f8f3c315b019b5027147af17c":null,"_oembed_fbaa8b858f2c2b8bd17bd9f041381fd0":null,"_oembed_b1333ac22358b86e275b521bfe898d6c":null,"_oembed_81a8344c3ba22ed7e81d42d93e039c83":null,"_oembed_e8b758a02e7baa37faf81b4537e12296":null,"_oembed_f176d255aad93b4de0d42f54076770bd":null,"_oembed_b39b53a24b9c3ddc8f4d0334bdf02260":null,"_oembed_172d3f081ea3bc54cd6f27cf98769eac":null,"_oembed_a121a60eb9062ad69062a9659affb999":null,"_wp_desired_post_slug":null,"_wp_attachment_custom_header_last_used_blogstream":null,"_edit_lock":null,"_last_editor_used_jetpack":null,"_jetpack_related_posts_cache":null,"_edit_last":null,"_wp_trash_meta_status":null,"_wp_trash_meta_time":null,"footnotes":null,"jetpack_publicize_connections":[],"_links":{"self":[{"href":"https:\/\/ddmx.cc\/blog\/wp-json\/wp\/v2\/posts\/2633","targetHints":{"allow":["GET"]}}],"collection":[{"href":"https:\/\/ddmx.cc\/blog\/wp-json\/wp\/v2\/posts"}],"about":[{"href":"https:\/\/ddmx.cc\/blog\/wp-json\/wp\/v2\/types\/post"}],"author":[{"embeddable":true,"href":"https:\/\/ddmx.cc\/blog\/wp-json\/wp\/v2\/users\/2"}],"replies":[{"embeddable":true,"href":"https:\/\/ddmx.cc\/blog\/wp-json\/wp\/v2\/comments?post=2633"}],"version-history":[{"count":0,"href":"https:\/\/ddmx.cc\/blog\/wp-json\/wp\/v2\/posts\/2633\/revisions"}],"wp:featuredmedia":[{"embeddable":true,"href":"https:\/\/ddmx.cc\/blog\/wp-json\/wp\/v2\/media\/2571"}],"wp:attachment":[{"href":"https:\/\/ddmx.cc\/blog\/wp-json\/wp\/v2\/media?parent=2633"}],"wp:term":[{"taxonomy":"category","embeddable":true,"href":"https:\/\/ddmx.cc\/blog\/wp-json\/wp\/v2\/categories?post=2633"},{"taxonomy":"post_tag","embeddable":true,"href":"https:\/\/ddmx.cc\/blog\/wp-json\/wp\/v2\/tags?post=2633"}],"curies":[{"name":"wp","href":"https:\/\/api.w.org\/{rel}","templated":true}]}}