{"id":2642,"date":"2026-04-26T07:30:08","date_gmt":"2026-04-26T13:30:08","guid":{"rendered":"https:\/\/ddmx.cc\/blog\/archivos\/2642"},"modified":"2026-04-26T07:30:08","modified_gmt":"2026-04-26T13:30:08","slug":"el-maestro-es-el-unico-responsable-el-dilema-entre-la-calidad-docente-y-la-crisis-educativa-en-mexico","status":"publish","type":"post","link":"https:\/\/ddmx.cc\/blog\/archivos\/2642","title":{"rendered":"\u00bfEl maestro es el \u00fanico responsable? El dilema entre la calidad docente y la crisis educativa en M\u00e9xico"},"content":{"rendered":"<h2>El Pizarr\u00f3n Cr\u00edtico: An\u00e1lisis de fondo<\/h2>\n<p>Recientemente, el debate sobre el rumbo de la educaci\u00f3n en nuestro pa\u00eds ha retomado un eje central: \u00bfqu\u00e9 es lo que realmente determina que un alumno aprenda? A trav\u00e9s de una s\u00edntesis publicada por <a href='https:\/\/profelandia.com\/nuno-advierte-sin-buenos-maestros-no-hay-aprendizaje\/'>Profelandia<\/a>, se retoman las advertencias del exsecretario de Educaci\u00f3n P\u00fablica, Aurelio Nu\u00f1o Mayer, quien plantea una tesis contundente: la calidad del docente es el factor primordial, situ\u00e1ndose muy por encima de cualquier inversi\u00f3n en infraestructura o herramientas tecnol\u00f3gicas.<\/p>\n<h2>El peso del magisterio y la tragedia de los datos<\/h2>\n<p>La postura de Nu\u00f1o Mayer es clara y jer\u00e1rquica. Sostiene que, si bien es ideal contar con escuelas modernas y tecnolog\u00eda de punta, estos elementos son secundarios. En t\u00e9rminos pedag\u00f3gicos, <strong>un docente excepcional puede rescatar el aprendizaje incluso en condiciones precarias<\/strong>, mientras que un docente deficiente anula cualquier beneficio que pueda brindar una escuela lujosa.<\/p>\n<p>Para sustentar la urgencia de este enfoque, se recurre a los datos de la prueba PISA, los cuales revelan una realidad alarmante que el autor califica como una <strong>\u00abtragedia educativa\u00bb<\/strong>:<\/p>\n<blockquote>\n<p>Solo el 1% de los j\u00f3venes mexicanos de 15 a\u00f1os es capaz de distinguir entre un hecho y una opini\u00f3n en un texto, y apenas el 1% puede resolver problemas b\u00e1sicos de proporcionalidad matem\u00e1tica.<\/p>\n<\/blockquote>\n<p>Desde esta perspectiva, se argumenta que M\u00e9xico ha sufrido un retroceso equivalente a una d\u00e9cada de aprendizaje bajo la gesti\u00f3n gubernamental actual, lo que obligar\u00eda a un cambio de paradigma: dejar de priorizar la obra f\u00edsica para centrarse obsesivamente en la capacitaci\u00f3n, selecci\u00f3n y fortalecimiento del magisterio.<\/p>\n<h2>La Realidad Escolar: \u00bfVocaci\u00f3n o hero\u00edsmo sist\u00e9mico?<\/h2>\n<p>Como editores de <em>El Pizarr\u00f3n Cr\u00edtico<\/em>, debemos contrastar esta teor\u00eda con lo que sucede cuando se cierra la puerta del aula. La premisa de que el maestro es el factor determinante es t\u00e9cnicamente cierta en la teor\u00eda pedag\u00f3gica, pero en la pr\u00e1ctica mexicana, plantea una interrogante \u00e9tica y operativa: <strong>\u00bfEstamos pidiendo calidad docente o estamos pidiendo hero\u00edsmo?<\/strong><\/p>\n<p>Es cierto que el docente es quien ejecuta el proceso de ense\u00f1anza, pero el docente no opera en el vac\u00edo. Cuando se afirma que un buen maestro garantiza el aprendizaje \u00abincluso en instalaciones deficientes\u00bb, se corre el riesgo de invisibilizar las carencias estructurales. \u00bfC\u00f3mo impacta la calidad pedag\u00f3gica cuando el maestro debe dedicar el 40% de su tiempo a una carga administrativa asfixiante que no aporta al aprendizaje? \u00bfDe qu\u00e9 manera influye el contexto socioecon\u00f3mico del alumno \u2014hambre, violencia familiar, falta de conectividad\u2014 en ese 1% de \u00e9xito en PISA?<\/p>\n<p>El an\u00e1lisis de Nu\u00f1o Mayer pone la responsabilidad del resultado educativo directamente sobre los hombros del docente. Si bien es necesario profesionalizar la labor magisterial, resulta anal\u00edtico preguntarse si es sostenible basar una pol\u00edtica p\u00fablica en la capacidad de resiliencia del maestro. <strong>\u00bfEs justo decir que la infraestructura es secundaria cuando la falta de un techo digno o de agua potable afecta la salud y la disposici\u00f3n cognitiva del estudiante antes de que el maestro siquiera abra el libro?<\/strong><\/p>\n<p>La tensi\u00f3n aqu\u00ed es evidente: mientras el discurso t\u00e9cnico apunta a la <em>competencia docente<\/em>, la realidad escolar nos muestra un <em>sistema agotado<\/em>. El riesgo de centrar el problema \u00fanicamente en el maestro es convertir la evaluaci\u00f3n en un juicio y no en una herramienta de mejora.<\/p>\n<p>Para cerrar este an\u00e1lisis, dejamos el espacio al debate:<\/p>\n<p><strong>1. \u00bfConsideras que la calidad docente puede realmente compensar la falta de infraestructura b\u00e1sica, o es una narrativa que exime al Estado de sus responsabilidades materiales?<\/strong><\/p>\n<p><strong>2. Ante los datos de PISA, \u00bfcrees que el problema radica en la capacitaci\u00f3n del maestro o en que los planes de estudio actuales est\u00e1n desconectados de la realidad cognitiva de los alumnos?<\/strong><\/p>\n","protected":false},"excerpt":{"rendered":"<p>El Pizarr\u00f3n Cr\u00edtico: An\u00e1lisis de fondo Recientemente, el debate sobre el rumbo de la educaci\u00f3n en nuestro pa\u00eds ha retomado un eje central: \u00bfqu\u00e9 es lo que realmente determina que un alumno aprenda? A trav\u00e9s de una s\u00edntesis publicada por Profelandia, se retoman las advertencias del exsecretario de Educaci\u00f3n P\u00fablica, Aurelio Nu\u00f1o Mayer, quien plantea [&hellip;]<\/p>\n","protected":false},"author":2,"featured_media":2571,"comment_status":"","ping_status":"","sticky":false,"template":"","format":"standard","meta":{"inline_featured_image":false,"rop_custom_images_group":[],"rop_custom_messages_group":[],"rop_publish_now":"initial","rop_publish_now_accounts":{"facebook_2925173004293474_260002561269783":""},"rop_publish_now_history":[],"rop_publish_now_status":"pending","site-container-style":"default","site-container-layout":"default","site-sidebar-layout":"default","site-transparent-header":"default","disable-article-header":"default","disable-site-header":"default","disable-site-footer":"default","disable-content-area-spacing":"default","footnotes":"","jetpack_publicize_message":"","jetpack_publicize_feature_enabled":true,"jetpack_social_post_already_shared":true,"jetpack_social_options":{"image_generator_settings":{"template":"highway","default_image_id":0,"font":"","enabled":false},"version":2}},"categories":[18],"tags":[],"class_list":["post-2642","post","type-post","status-publish","format-standard","has-post-thumbnail","hentry","category-consejo-tecnico-escolar"],"_wp_page_template":null,"_wp_attachment_metadata":null,"_wp_attached_file":null,"_wp_attachment_context":null,"_elementor_edit_mode":null,"_elementor_template_type":null,"_wp_attachment_backup_sizes":null,"_wpas_feature_enabled":null,"_wpas_is_tweetstorm":null,"_wpas_mess":null,"_thumbnail_id":"2571","_wpas_done_all":"1","_wp_attachment_image_alt":null,"_oembed_953a61d5df8c3836a556d8d39803bf3c":null,"_oembed_time_953a61d5df8c3836a556d8d39803bf3c":null,"_wpas_skip_28712532":null,"_oembed_4a4bb227a6bbfc1286813ba1a53587ee":null,"_oembed_time_4a4bb227a6bbfc1286813ba1a53587ee":null,"_oembed_b65f030d0e4fe78a9f2aa20ef42c0e18":null,"_oembed_time_b65f030d0e4fe78a9f2aa20ef42c0e18":null,"_oembed_f6a64b4156635a0bc55b4c4bbc364650":null,"_oembed_time_f6a64b4156635a0bc55b4c4bbc364650":null,"_oembed_a22c2ada96445daed271c1dcee845f2b":null,"_menu_item_type":null,"_menu_item_menu_item_parent":null,"_menu_item_object_id":null,"_menu_item_object":null,"_menu_item_target":null,"_menu_item_classes":null,"_menu_item_xfn":null,"_menu_item_url":null,"_menu_item_orphaned":null,"_wp_attachment_custom_header_last_used_cozibee":null,"_wp_attachment_is_custom_header":null,"_wp_attachment_is_custom_background":null,"_oembed_0fce63d053e1c840acdaf9784da4fc8b":null,"_oembed_time_0fce63d053e1c840acdaf9784da4fc8b":null,"_oembed_868a97a741381805139bcba376ff0625":null,"_oembed_time_868a97a741381805139bcba376ff0625":null,"_oembed_e579f188e1e4ab796dbace1957f8fbde":null,"_oembed_time_e579f188e1e4ab796dbace1957f8fbde":null,"_oembed_3aa5ccda408558f57932bf67f990a691":null,"_oembed_time_3aa5ccda408558f57932bf67f990a691":null,"_oembed_c2491fa9a9f5cdc93a304b975729ea15":null,"_oembed_time_c2491fa9a9f5cdc93a304b975729ea15":null,"_oembed_5d0a0fbc199d09fc11425162a9492c14":null,"_oembed_time_5d0a0fbc199d09fc11425162a9492c14":null,"_oembed_ba589a8b01cad13e4e566584052cb77a":null,"_oembed_time_ba589a8b01cad13e4e566584052cb77a":null,"_oembed_30669573d2b5e70ea857547628b634da":null,"_oembed_time_30669573d2b5e70ea857547628b634da":null,"_oembed_c6c454880f54c026403650bfc764daa8":null,"_oembed_time_c6c454880f54c026403650bfc764daa8":null,"_oembed_3d570b3811c404e494d6a02452207e66":null,"_oembed_time_3d570b3811c404e494d6a02452207e66":null,"_oembed_4e4c64d45329ac65f2ecba3f1098156b":null,"_oembed_time_4e4c64d45329ac65f2ecba3f1098156b":null,"_oembed_26ea7d7572a89a903bdcc029628ad5b2":null,"_oembed_time_26ea7d7572a89a903bdcc029628ad5b2":null,"_oembed_a7e95c0362f8dba8c04afb28dfeba5c4":null,"_oembed_time_a7e95c0362f8dba8c04afb28dfeba5c4":null,"_oembed_e5b9ced47b1732d259a5d4aeddd9f86b":null,"_oembed_time_e5b9ced47b1732d259a5d4aeddd9f86b":null,"_oembed_5b4c9d950ab8f0e6ee36bf1d03b97fa2":null,"_oembed_time_5b4c9d950ab8f0e6ee36bf1d03b97fa2":null,"_oembed_b49cdec356d7242bb8a49d9c9f01bc06":null,"_oembed_time_b49cdec356d7242bb8a49d9c9f01bc06":null,"_oembed_304f4ae101daf3ec11ce08903a61e1a1":null,"_oembed_time_304f4ae101daf3ec11ce08903a61e1a1":null,"_oembed_83e577f7d02d35ed039e43ba03038e30":null,"_oembed_time_83e577f7d02d35ed039e43ba03038e30":null,"_oembed_ac101d4e0aa9c1e0993fbaffe57d0fc5":null,"_oembed_time_ac101d4e0aa9c1e0993fbaffe57d0fc5":null,"_oembed_b8411cad4c872303f3f389c0550cfc51":null,"_oembed_time_b8411cad4c872303f3f389c0550cfc51":null,"_oembed_a21a162044b7b51413df6eac11ad958f":null,"_oembed_time_a21a162044b7b51413df6eac11ad958f":null,"_oembed_fba64fc3e6e979fc9c4aa99f0afe7d79":null,"_oembed_time_fba64fc3e6e979fc9c4aa99f0afe7d79":null,"_oembed_76d1c5765b2bc8197eba722fa7cc4244":null,"_oembed_time_76d1c5765b2bc8197eba722fa7cc4244":null,"_oembed_1af62fd759021cc0b68eaa004effd6d5":null,"_oembed_time_1af62fd759021cc0b68eaa004effd6d5":null,"_oembed_2aeeb91d42a24ab084a9cb37fb3b67f1":null,"_oembed_time_2aeeb91d42a24ab084a9cb37fb3b67f1":null,"_oembed_a20b7becc3d5a90f749947d58de23463":null,"_oembed_time_a20b7becc3d5a90f749947d58de23463":null,"_oembed_8796659fa365a11c137d85033d2e7b2c":null,"_jetpack_post_was_ever_published":null,"_jetpack_newsletter_access":null,"_jetpack_newsletter_tier_id":null,"_oembed_5e6fd9549f847190c195ab03255f6ae1":null,"_oembed_554eaf78a040947b2cdd90835d8cd276":null,"_oembed_time_554eaf78a040947b2cdd90835d8cd276":null,"_oembed_7271f435f5fb97d3120864ad34adb6c3":null,"_oembed_time_7271f435f5fb97d3120864ad34adb6c3":null,"_oembed_1fa2fbab810b9b626ad7cc0992ad6aaf":null,"_oembed_time_1fa2fbab810b9b626ad7cc0992ad6aaf":null,"_oembed_64d2135e548c4ce907bc35b61950835b":null,"_oembed_time_64d2135e548c4ce907bc35b61950835b":null,"_oembed_b06e05f997fbefc05e29757e11f828c6":null,"_oembed_time_b06e05f997fbefc05e29757e11f828c6":null,"_oembed_8ce37cc1b7e4dd2fc03872862421313f":null,"_oembed_time_8ce37cc1b7e4dd2fc03872862421313f":null,"_oembed_2158468bd8321669930d1e9681ce2bef":null,"_oembed_time_2158468bd8321669930d1e9681ce2bef":null,"_oembed_ce1b323d791120f5404dbf8cceb57366":null,"_oembed_time_ce1b323d791120f5404dbf8cceb57366":null,"_oembed_21a8242fe71dbeda6363d1536af838e8":null,"_oembed_time_21a8242fe71dbeda6363d1536af838e8":null,"_oembed_eb56dfdacfea2f082dd29cd9084ec889":null,"_wp_old_slug":null,"_oembed_630acfcb06b9afa6ddad824949b84793":null,"_pingme":null,"_encloseme":null,"_oembed_5a7c9eb8a81530ecf9e4e972c23ba731":null,"_oembed_f2fd7c802a7374c43ea88d0097870f1b":null,"_oembed_time_f2fd7c802a7374c43ea88d0097870f1b":null,"_oembed_time_5a7c9eb8a81530ecf9e4e972c23ba731":null,"_oembed_6a91eb9d3d56701e2bf3c9752e96e963":null,"_oembed_c420e9b8b4ecc62da9e432b3ac6a775c":null,"_oembed_725a018f8f3c315b019b5027147af17c":null,"_oembed_fbaa8b858f2c2b8bd17bd9f041381fd0":null,"_oembed_b1333ac22358b86e275b521bfe898d6c":null,"_oembed_81a8344c3ba22ed7e81d42d93e039c83":null,"_oembed_e8b758a02e7baa37faf81b4537e12296":null,"_oembed_f176d255aad93b4de0d42f54076770bd":null,"_oembed_b39b53a24b9c3ddc8f4d0334bdf02260":null,"_oembed_172d3f081ea3bc54cd6f27cf98769eac":null,"_oembed_a121a60eb9062ad69062a9659affb999":null,"_wp_desired_post_slug":null,"_wp_attachment_custom_header_last_used_blogstream":null,"_edit_lock":null,"_last_editor_used_jetpack":null,"_jetpack_related_posts_cache":null,"_edit_last":null,"_wp_trash_meta_status":null,"_wp_trash_meta_time":null,"footnotes":null,"jetpack_publicize_connections":[],"_links":{"self":[{"href":"https:\/\/ddmx.cc\/blog\/wp-json\/wp\/v2\/posts\/2642","targetHints":{"allow":["GET"]}}],"collection":[{"href":"https:\/\/ddmx.cc\/blog\/wp-json\/wp\/v2\/posts"}],"about":[{"href":"https:\/\/ddmx.cc\/blog\/wp-json\/wp\/v2\/types\/post"}],"author":[{"embeddable":true,"href":"https:\/\/ddmx.cc\/blog\/wp-json\/wp\/v2\/users\/2"}],"replies":[{"embeddable":true,"href":"https:\/\/ddmx.cc\/blog\/wp-json\/wp\/v2\/comments?post=2642"}],"version-history":[{"count":0,"href":"https:\/\/ddmx.cc\/blog\/wp-json\/wp\/v2\/posts\/2642\/revisions"}],"wp:featuredmedia":[{"embeddable":true,"href":"https:\/\/ddmx.cc\/blog\/wp-json\/wp\/v2\/media\/2571"}],"wp:attachment":[{"href":"https:\/\/ddmx.cc\/blog\/wp-json\/wp\/v2\/media?parent=2642"}],"wp:term":[{"taxonomy":"category","embeddable":true,"href":"https:\/\/ddmx.cc\/blog\/wp-json\/wp\/v2\/categories?post=2642"},{"taxonomy":"post_tag","embeddable":true,"href":"https:\/\/ddmx.cc\/blog\/wp-json\/wp\/v2\/tags?post=2642"}],"curies":[{"name":"wp","href":"https:\/\/api.w.org\/{rel}","templated":true}]}}