{"id":2651,"date":"2026-04-29T07:30:09","date_gmt":"2026-04-29T13:30:09","guid":{"rendered":"https:\/\/ddmx.cc\/blog\/archivos\/2651"},"modified":"2026-04-29T07:30:09","modified_gmt":"2026-04-29T13:30:09","slug":"investigacion-de-elite-o-herramienta-para-el-aula-el-balance-del-iisue-unam","status":"publish","type":"post","link":"https:\/\/ddmx.cc\/blog\/archivos\/2651","title":{"rendered":"\u00bfInvestigaci\u00f3n de \u00c9lite o Herramienta para el Aula? El Balance del IISUE UNAM"},"content":{"rendered":"<h2>El Pizarr\u00f3n Cr\u00edtico: An\u00e1lisis de fondo<\/h2>\n<p>Recientemente, el Instituto de Investigaciones sobre la Universidad y la Educaci\u00f3n (IISUE) de la UNAM ha presentado los resultados de su tercer a\u00f1o de gesti\u00f3n bajo la direcci\u00f3n de Gabriela de la Cruz Flores. Este informe, detallado en la <a href='https:\/\/www.gaceta.unam.mx\/promueve-el-iisue-dialogo-intergeneracional\/'>Gaceta UNAM<\/a>, describe un proceso de consolidaci\u00f3n acad\u00e9mica robusto, donde la producci\u00f3n cient\u00edfica y la creaci\u00f3n de nuevos espacios tecnol\u00f3gicos buscan proyectar al Instituto hacia su vig\u00e9simo aniversario en 2026.<\/p>\n<h2>La Academia en Cifras: Producci\u00f3n, Laboratorios y Visi\u00f3n<\/h2>\n<p>El reporte del IISUE no es solo una lista de logros, sino un mapa de la capacidad intelectual de una de las instituciones m\u00e1s importantes de M\u00e9xico. Con una plantilla de <strong>231 personas<\/strong> y un cuerpo de investigadores donde el 80% pertenece al Sistema Nacional de Investigadoras e Investigadores (SNII), el instituto opera bajo cinco ejes fundamentales: curr\u00edculum, diversidad sociocultural, historia de la educaci\u00f3n, pol\u00edticas educativas y teor\u00eda pedag\u00f3gica.<\/p>\n<p>Entre los puntos m\u00e1s destacables de esta gesti\u00f3n se encuentran:<\/p>\n<ul>\n<li><strong>Innovaci\u00f3n Tecnol\u00f3gica:<\/strong> La creaci\u00f3n de tres laboratorios especializados en <em>Tecnolog\u00eda, Inteligencia Artificial y Educaci\u00f3n<\/em>; <em>Innovaci\u00f3n Educativa y Cognici\u00f3n<\/em>; y <em>Did\u00e1ctica y Pedagog\u00eda<\/em>.<\/li>\n<li><strong>Vigilancia Pol\u00edtica:<\/strong> El lanzamiento del <strong>Observatorio de Pol\u00edticas Educativas 2024-2030<\/strong>, dise\u00f1ado para analizar la trayectoria de las pol\u00edticas p\u00fablicas en el pa\u00eds.<\/li>\n<li><strong>Productividad:<\/strong> Una cifra impresionante de 470 productos acad\u00e9micos en 2025, incluyendo 225 publicaciones y una fuerte incidencia en posgrados de pedagog\u00eda.<\/li>\n<li><strong>Vinculaci\u00f3n:<\/strong> Alianzas estrat\u00e9gicas con Escuelas Normales y bachilleratos, buscando que el conocimiento no se quede encerrado en los muros universitarios.<\/li>\n<\/ul>\n<blockquote><p>\u00abLa transici\u00f3n de una labor puramente te\u00f3rica hacia una aplicaci\u00f3n pr\u00e1ctica y tecnol\u00f3gica del conocimiento educativo\u00bb es la promesa central de este informe.<\/p><\/blockquote>\n<h2>La Realidad Escolar: El Abismo entre el Papel y el Gis<\/h2>\n<p>Desde la perspectiva de <strong>El Pizarr\u00f3n Cr\u00edtico<\/strong>, es imperativo preguntarnos: \u00bfEn qu\u00e9 punto de la geograf\u00eda escolar mexicana aterrizan estos 176 proyectos de investigaci\u00f3n? Mientras el IISUE celebra la creaci\u00f3n de laboratorios de Inteligencia Artificial y la indexaci\u00f3n de la revista <em>Perfiles Educativos<\/em> en el cuartil Q4 de Scopus, miles de docentes en el sistema p\u00fablico lidian con la falta de conectividad b\u00e1sica, aulas saturadas y una carga administrativa que consume el tiempo dedicado a la planeaci\u00f3n pedag\u00f3gica.<\/p>\n<p>Aqu\u00ed surge la tensi\u00f3n anal\u00edtica. Por un lado, tenemos la <strong>evidencia cient\u00edfica<\/strong> producida por el SNII; por otro, tenemos la <strong>supervivencia docente<\/strong>. \u00bfC\u00f3mo se traduce un proyecto de \u00abDiversidad Sociocultural\u00bb en una estrategia real para un maestro que tiene en un mismo sal\u00f3n a alumnos con rezagos cognitivos profundos, barreras ling\u00fc\u00edsticas y contextos de violencia, sin contar con un equipo de apoyo psicopedag\u00f3gico?<\/p>\n<p>El Observatorio de Pol\u00edticas Educativas es, en teor\u00eda, una herramienta brillante. Sin embargo, para el directivo escolar, la pol\u00edtica educativa no se percibe como un objeto de an\u00e1lisis, sino como una serie de directrices verticales que cambian cada sexenio, a menudo contradictorias y desconectadas de la operatividad diaria. La pregunta socr\u00e1tica que debemos plantear es: <strong>\u00bfEs la investigaci\u00f3n educativa un espejo que refleja la realidad del aula, o es un lente que la observa desde una distancia segura?<\/strong><\/p>\n<p>La vinculaci\u00f3n con las Escuelas Normales es el puente m\u00e1s prometedor del informe. Si el IISUE logra que sus laboratorios de IA no sean solo espacios de experimentaci\u00f3n acad\u00e9mica, sino centros de capacitaci\u00f3n real para el maestro que hoy se siente abrumado por la tecnolog\u00eda, entonces habremos pasado de la <em>consolidaci\u00f3n institucional<\/em> a la <em>transformaci\u00f3n escolar<\/em>.<\/p>\n<p>Para cerrar, dejamos el debate abierto a nuestra comunidad de maestros y directivos:<\/p>\n<p><strong>1. \u00bfSiente usted que las investigaciones acad\u00e9micas sobre pedagog\u00eda en M\u00e9xico responden a los problemas reales que enfrenta en su sal\u00f3n de clases?<\/strong><\/p>\n<p><strong>2. Ante el auge de la Inteligencia Artificial en la educaci\u00f3n, \u00bfconsidera que la brecha digital es un obst\u00e1culo que la academia puede resolver, o es un problema estructural que la teor\u00eda no alcanza a cubrir?<\/strong><\/p>\n","protected":false},"excerpt":{"rendered":"<p>El Pizarr\u00f3n Cr\u00edtico: An\u00e1lisis de fondo Recientemente, el Instituto de Investigaciones sobre la Universidad y la Educaci\u00f3n (IISUE) de la UNAM ha presentado los resultados de su tercer a\u00f1o de gesti\u00f3n bajo la direcci\u00f3n de Gabriela de la Cruz Flores. Este informe, detallado en la Gaceta UNAM, describe un proceso de consolidaci\u00f3n acad\u00e9mica robusto, donde [&hellip;]<\/p>\n","protected":false},"author":2,"featured_media":2571,"comment_status":"","ping_status":"","sticky":false,"template":"","format":"standard","meta":{"inline_featured_image":false,"rop_custom_images_group":[],"rop_custom_messages_group":[],"rop_publish_now":"initial","rop_publish_now_accounts":{"facebook_2925173004293474_260002561269783":""},"rop_publish_now_history":[],"rop_publish_now_status":"pending","site-container-style":"default","site-container-layout":"default","site-sidebar-layout":"default","site-transparent-header":"default","disable-article-header":"default","disable-site-header":"default","disable-site-footer":"default","disable-content-area-spacing":"default","footnotes":"","jetpack_publicize_message":"","jetpack_publicize_feature_enabled":true,"jetpack_social_post_already_shared":true,"jetpack_social_options":{"image_generator_settings":{"template":"highway","default_image_id":0,"font":"","enabled":false},"version":2}},"categories":[18],"tags":[],"class_list":["post-2651","post","type-post","status-publish","format-standard","has-post-thumbnail","hentry","category-consejo-tecnico-escolar"],"_wp_page_template":null,"_wp_attachment_metadata":null,"_wp_attached_file":null,"_wp_attachment_context":null,"_elementor_edit_mode":null,"_elementor_template_type":null,"_wp_attachment_backup_sizes":null,"_wpas_feature_enabled":null,"_wpas_is_tweetstorm":null,"_wpas_mess":null,"_thumbnail_id":"2571","_wpas_done_all":"1","_wp_attachment_image_alt":null,"_oembed_953a61d5df8c3836a556d8d39803bf3c":null,"_oembed_time_953a61d5df8c3836a556d8d39803bf3c":null,"_wpas_skip_28712532":null,"_oembed_4a4bb227a6bbfc1286813ba1a53587ee":null,"_oembed_time_4a4bb227a6bbfc1286813ba1a53587ee":null,"_oembed_b65f030d0e4fe78a9f2aa20ef42c0e18":null,"_oembed_time_b65f030d0e4fe78a9f2aa20ef42c0e18":null,"_oembed_f6a64b4156635a0bc55b4c4bbc364650":null,"_oembed_time_f6a64b4156635a0bc55b4c4bbc364650":null,"_oembed_a22c2ada96445daed271c1dcee845f2b":null,"_menu_item_type":null,"_menu_item_menu_item_parent":null,"_menu_item_object_id":null,"_menu_item_object":null,"_menu_item_target":null,"_menu_item_classes":null,"_menu_item_xfn":null,"_menu_item_url":null,"_menu_item_orphaned":null,"_wp_attachment_custom_header_last_used_cozibee":null,"_wp_attachment_is_custom_header":null,"_wp_attachment_is_custom_background":null,"_oembed_0fce63d053e1c840acdaf9784da4fc8b":null,"_oembed_time_0fce63d053e1c840acdaf9784da4fc8b":null,"_oembed_868a97a741381805139bcba376ff0625":null,"_oembed_time_868a97a741381805139bcba376ff0625":null,"_oembed_e579f188e1e4ab796dbace1957f8fbde":null,"_oembed_time_e579f188e1e4ab796dbace1957f8fbde":null,"_oembed_3aa5ccda408558f57932bf67f990a691":null,"_oembed_time_3aa5ccda408558f57932bf67f990a691":null,"_oembed_c2491fa9a9f5cdc93a304b975729ea15":null,"_oembed_time_c2491fa9a9f5cdc93a304b975729ea15":null,"_oembed_5d0a0fbc199d09fc11425162a9492c14":null,"_oembed_time_5d0a0fbc199d09fc11425162a9492c14":null,"_oembed_ba589a8b01cad13e4e566584052cb77a":null,"_oembed_time_ba589a8b01cad13e4e566584052cb77a":null,"_oembed_30669573d2b5e70ea857547628b634da":null,"_oembed_time_30669573d2b5e70ea857547628b634da":null,"_oembed_c6c454880f54c026403650bfc764daa8":null,"_oembed_time_c6c454880f54c026403650bfc764daa8":null,"_oembed_3d570b3811c404e494d6a02452207e66":null,"_oembed_time_3d570b3811c404e494d6a02452207e66":null,"_oembed_4e4c64d45329ac65f2ecba3f1098156b":null,"_oembed_time_4e4c64d45329ac65f2ecba3f1098156b":null,"_oembed_26ea7d7572a89a903bdcc029628ad5b2":null,"_oembed_time_26ea7d7572a89a903bdcc029628ad5b2":null,"_oembed_a7e95c0362f8dba8c04afb28dfeba5c4":null,"_oembed_time_a7e95c0362f8dba8c04afb28dfeba5c4":null,"_oembed_e5b9ced47b1732d259a5d4aeddd9f86b":null,"_oembed_time_e5b9ced47b1732d259a5d4aeddd9f86b":null,"_oembed_5b4c9d950ab8f0e6ee36bf1d03b97fa2":null,"_oembed_time_5b4c9d950ab8f0e6ee36bf1d03b97fa2":null,"_oembed_b49cdec356d7242bb8a49d9c9f01bc06":null,"_oembed_time_b49cdec356d7242bb8a49d9c9f01bc06":null,"_oembed_304f4ae101daf3ec11ce08903a61e1a1":null,"_oembed_time_304f4ae101daf3ec11ce08903a61e1a1":null,"_oembed_83e577f7d02d35ed039e43ba03038e30":null,"_oembed_time_83e577f7d02d35ed039e43ba03038e30":null,"_oembed_ac101d4e0aa9c1e0993fbaffe57d0fc5":null,"_oembed_time_ac101d4e0aa9c1e0993fbaffe57d0fc5":null,"_oembed_b8411cad4c872303f3f389c0550cfc51":null,"_oembed_time_b8411cad4c872303f3f389c0550cfc51":null,"_oembed_a21a162044b7b51413df6eac11ad958f":null,"_oembed_time_a21a162044b7b51413df6eac11ad958f":null,"_oembed_fba64fc3e6e979fc9c4aa99f0afe7d79":null,"_oembed_time_fba64fc3e6e979fc9c4aa99f0afe7d79":null,"_oembed_76d1c5765b2bc8197eba722fa7cc4244":null,"_oembed_time_76d1c5765b2bc8197eba722fa7cc4244":null,"_oembed_1af62fd759021cc0b68eaa004effd6d5":null,"_oembed_time_1af62fd759021cc0b68eaa004effd6d5":null,"_oembed_2aeeb91d42a24ab084a9cb37fb3b67f1":null,"_oembed_time_2aeeb91d42a24ab084a9cb37fb3b67f1":null,"_oembed_a20b7becc3d5a90f749947d58de23463":null,"_oembed_time_a20b7becc3d5a90f749947d58de23463":null,"_oembed_8796659fa365a11c137d85033d2e7b2c":null,"_jetpack_post_was_ever_published":null,"_jetpack_newsletter_access":null,"_jetpack_newsletter_tier_id":null,"_oembed_5e6fd9549f847190c195ab03255f6ae1":null,"_oembed_554eaf78a040947b2cdd90835d8cd276":null,"_oembed_time_554eaf78a040947b2cdd90835d8cd276":null,"_oembed_7271f435f5fb97d3120864ad34adb6c3":null,"_oembed_time_7271f435f5fb97d3120864ad34adb6c3":null,"_oembed_1fa2fbab810b9b626ad7cc0992ad6aaf":null,"_oembed_time_1fa2fbab810b9b626ad7cc0992ad6aaf":null,"_oembed_64d2135e548c4ce907bc35b61950835b":null,"_oembed_time_64d2135e548c4ce907bc35b61950835b":null,"_oembed_b06e05f997fbefc05e29757e11f828c6":null,"_oembed_time_b06e05f997fbefc05e29757e11f828c6":null,"_oembed_8ce37cc1b7e4dd2fc03872862421313f":null,"_oembed_time_8ce37cc1b7e4dd2fc03872862421313f":null,"_oembed_2158468bd8321669930d1e9681ce2bef":null,"_oembed_time_2158468bd8321669930d1e9681ce2bef":null,"_oembed_ce1b323d791120f5404dbf8cceb57366":null,"_oembed_time_ce1b323d791120f5404dbf8cceb57366":null,"_oembed_21a8242fe71dbeda6363d1536af838e8":null,"_oembed_time_21a8242fe71dbeda6363d1536af838e8":null,"_oembed_eb56dfdacfea2f082dd29cd9084ec889":null,"_wp_old_slug":null,"_oembed_630acfcb06b9afa6ddad824949b84793":null,"_pingme":null,"_encloseme":null,"_oembed_5a7c9eb8a81530ecf9e4e972c23ba731":null,"_oembed_f2fd7c802a7374c43ea88d0097870f1b":null,"_oembed_time_f2fd7c802a7374c43ea88d0097870f1b":null,"_oembed_time_5a7c9eb8a81530ecf9e4e972c23ba731":null,"_oembed_6a91eb9d3d56701e2bf3c9752e96e963":null,"_oembed_c420e9b8b4ecc62da9e432b3ac6a775c":null,"_oembed_725a018f8f3c315b019b5027147af17c":null,"_oembed_fbaa8b858f2c2b8bd17bd9f041381fd0":null,"_oembed_b1333ac22358b86e275b521bfe898d6c":null,"_oembed_81a8344c3ba22ed7e81d42d93e039c83":null,"_oembed_e8b758a02e7baa37faf81b4537e12296":null,"_oembed_f176d255aad93b4de0d42f54076770bd":null,"_oembed_b39b53a24b9c3ddc8f4d0334bdf02260":null,"_oembed_172d3f081ea3bc54cd6f27cf98769eac":null,"_oembed_a121a60eb9062ad69062a9659affb999":null,"_wp_desired_post_slug":null,"_wp_attachment_custom_header_last_used_blogstream":null,"_edit_lock":null,"_last_editor_used_jetpack":null,"_jetpack_related_posts_cache":null,"_edit_last":null,"_wp_trash_meta_status":null,"_wp_trash_meta_time":null,"footnotes":null,"jetpack_publicize_connections":[],"_links":{"self":[{"href":"https:\/\/ddmx.cc\/blog\/wp-json\/wp\/v2\/posts\/2651","targetHints":{"allow":["GET"]}}],"collection":[{"href":"https:\/\/ddmx.cc\/blog\/wp-json\/wp\/v2\/posts"}],"about":[{"href":"https:\/\/ddmx.cc\/blog\/wp-json\/wp\/v2\/types\/post"}],"author":[{"embeddable":true,"href":"https:\/\/ddmx.cc\/blog\/wp-json\/wp\/v2\/users\/2"}],"replies":[{"embeddable":true,"href":"https:\/\/ddmx.cc\/blog\/wp-json\/wp\/v2\/comments?post=2651"}],"version-history":[{"count":0,"href":"https:\/\/ddmx.cc\/blog\/wp-json\/wp\/v2\/posts\/2651\/revisions"}],"wp:featuredmedia":[{"embeddable":true,"href":"https:\/\/ddmx.cc\/blog\/wp-json\/wp\/v2\/media\/2571"}],"wp:attachment":[{"href":"https:\/\/ddmx.cc\/blog\/wp-json\/wp\/v2\/media?parent=2651"}],"wp:term":[{"taxonomy":"category","embeddable":true,"href":"https:\/\/ddmx.cc\/blog\/wp-json\/wp\/v2\/categories?post=2651"},{"taxonomy":"post_tag","embeddable":true,"href":"https:\/\/ddmx.cc\/blog\/wp-json\/wp\/v2\/tags?post=2651"}],"curies":[{"name":"wp","href":"https:\/\/api.w.org\/{rel}","templated":true}]}}